{"id":1306,"date":"2009-03-02T12:37:45","date_gmt":"2009-03-02T12:37:45","guid":{"rendered":"http:\/\/osmeusapontamentos.com\/?p=1306"},"modified":"2009-03-02T12:37:45","modified_gmt":"2009-03-02T12:37:45","slug":"onde-vais-cidade-pedro-figueiredo","status":"publish","type":"post","link":"https:\/\/osmeusapontamentos.com\/index.php\/2009\/03\/02\/onde-vais-cidade-pedro-figueiredo\/","title":{"rendered":"Onde Vais Cidade &#8211; Pedro Figueiredo"},"content":{"rendered":"<p>Aqui ficam as minhas notas em rela\u00e7\u00e3o \u00e0 interven\u00e7\u00e3o de Pedro Figueiredo no dia 21-fev-2008 a no f\u00f3rum &#8220;<a href=\"http:\/\/www.petitiononline.com\/forumprt\/petition.html\">Onde vais cidade?<\/a>&#8221;<\/p>\n<ul>\n<li>av. dos aliados como espa\u00e7o de exposi\u00e7\u00e3o do que se produz culturalmente na cidade.<\/li>\n<li>cria\u00e7\u00e3o de rede nacional de cinemas (\u00e0 semelhan\u00e7a da existente rede nacional de teatros)<\/li>\n<li>cinema batalha como &#8220;sede&#8221; do cineclube (cinemateca?) do porto<\/li>\n<\/ul>\n<p>Posteriormente contactei o Pedro Figueiredo para ele me dar uma melhor ideia daquilo que pensa sobre a cidade e ele teve a amabilidade de me enviar um <a href=\"\/docs\/pedro_figueiredo_IDEIAS_FORUM_PORTO_FEV_09.pdf\">programa bastante completo de propostas<\/a> que abordam as seguintes tem\u00e1ticas:<\/p>\n<ul>\n<li>politica de regi\u00e3o<\/li>\n<li>democracia directa<\/li>\n<li>revolucionar a habita\u00e7\u00e3o social<\/li>\n<li>habita\u00e7\u00e3o e renova\u00e7\u00e3o urbana<\/li>\n<li>ocupa\u00e7\u00e3o da cidade &#8211; equipamentos b\u00e1sicos<\/li>\n<li>ocupa\u00e7\u00e3o da cidade &#8211; transportes<\/li>\n<li>ocupa\u00e7\u00e3o da cidade &#8211; universidade<\/li>\n<li>ocupa\u00e7\u00e3o da cidade &#8211; cultura<\/li>\n<li>ocupa\u00e7\u00e3o da cidade &#8211; os mercados<\/li>\n<li>ocupa\u00e7\u00e3o da cidade &#8211; av. aliados<\/li>\n<li>ocupa\u00e7\u00e3o da cidade &#8211; espa\u00e7o p\u00fablico<\/li>\n<li>ocupa\u00e7\u00e3o da cidade &#8211; jardins<\/li>\n<\/ul>\n","protected":false},"excerpt":{"rendered":"<p>Aqui ficam as minhas notas em rela\u00e7\u00e3o \u00e0 interven\u00e7\u00e3o de Pedro Figueiredo no dia 21-fev-2008 a no f\u00f3rum &#8220;Onde vais cidade?&#8221; av. dos aliados como espa\u00e7o de exposi\u00e7\u00e3o do que se produz culturalmente na cidade. cria\u00e7\u00e3o de rede nacional de cinemas (\u00e0 semelhan\u00e7a da existente rede nacional de teatros) cinema batalha como &#8220;sede&#8221; do cineclube [&hellip;]<\/p>\n","protected":false},"author":1,"featured_media":0,"comment_status":"open","ping_status":"open","sticky":false,"template":"","format":"standard","meta":{"footnotes":""},"categories":[7],"tags":[465,495,524],"class_list":["post-1306","post","type-post","status-publish","format-standard","hentry","category-ler-ver-ouvir-passear","tag-onde-vais-cidade","tag-pedro-figueiredo","tag-porto"],"yoast_head":"<!-- This site is optimized with the Yoast SEO plugin v27.5 - https:\/\/yoast.com\/product\/yoast-seo-wordpress\/ -->\n<title>Onde Vais Cidade - Pedro Figueiredo - Os Meus Apontamentos<\/title>\n<meta name=\"robots\" content=\"index, follow, max-snippet:-1, max-image-preview:large, max-video-preview:-1\" \/>\n<link rel=\"canonical\" href=\"https:\/\/osmeusapontamentos.com\/index.php\/2009\/03\/02\/onde-vais-cidade-pedro-figueiredo\/\" \/>\n<meta property=\"og:locale\" content=\"pt_PT\" \/>\n<meta property=\"og:type\" content=\"article\" \/>\n<meta property=\"og:title\" content=\"Onde Vais Cidade - Pedro Figueiredo - Os Meus Apontamentos\" \/>\n<meta property=\"og:description\" content=\"Aqui ficam as minhas notas em rela\u00e7\u00e3o \u00e0 interven\u00e7\u00e3o de Pedro Figueiredo no dia 21-fev-2008 a no f\u00f3rum &#8220;Onde vais cidade?&#8221; av. dos aliados como espa\u00e7o de exposi\u00e7\u00e3o do que se produz culturalmente na cidade. cria\u00e7\u00e3o de rede nacional de cinemas (\u00e0 semelhan\u00e7a da existente rede nacional de teatros) cinema batalha como &#8220;sede&#8221; do cineclube [&hellip;]\" \/>\n<meta property=\"og:url\" content=\"https:\/\/osmeusapontamentos.com\/index.php\/2009\/03\/02\/onde-vais-cidade-pedro-figueiredo\/\" \/>\n<meta property=\"og:site_name\" content=\"Os Meus Apontamentos\" \/>\n<meta property=\"article:published_time\" content=\"2009-03-02T12:37:45+00:00\" \/>\n<meta name=\"author\" content=\"Vitor Silva\" \/>\n<meta name=\"twitter:card\" content=\"summary_large_image\" \/>\n<meta name=\"twitter:creator\" content=\"@vitorsilva\" \/>\n<meta name=\"twitter:site\" content=\"@vitorsilva\" \/>\n<meta name=\"twitter:label1\" content=\"Escrito por\" \/>\n\t<meta name=\"twitter:data1\" content=\"Vitor Silva\" \/>\n\t<meta name=\"twitter:label2\" content=\"Tempo estimado de leitura\" \/>\n\t<meta name=\"twitter:data2\" content=\"1 minuto\" \/>\n<script type=\"application\/ld+json\" class=\"yoast-schema-graph\">{\"@context\":\"https:\\\/\\\/schema.org\",\"@graph\":[{\"@type\":\"Article\",\"@id\":\"https:\\\/\\\/osmeusapontamentos.com\\\/index.php\\\/2009\\\/03\\\/02\\\/onde-vais-cidade-pedro-figueiredo\\\/#article\",\"isPartOf\":{\"@id\":\"https:\\\/\\\/osmeusapontamentos.com\\\/index.php\\\/2009\\\/03\\\/02\\\/onde-vais-cidade-pedro-figueiredo\\\/\"},\"author\":{\"name\":\"Vitor Silva\",\"@id\":\"https:\\\/\\\/osmeusapontamentos.com\\\/#\\\/schema\\\/person\\\/d508df9c3ffc8b4e64a18dbf0ba18dd8\"},\"headline\":\"Onde Vais Cidade &#8211; Pedro Figueiredo\",\"datePublished\":\"2009-03-02T12:37:45+00:00\",\"mainEntityOfPage\":{\"@id\":\"https:\\\/\\\/osmeusapontamentos.com\\\/index.php\\\/2009\\\/03\\\/02\\\/onde-vais-cidade-pedro-figueiredo\\\/\"},\"wordCount\":179,\"commentCount\":0,\"publisher\":{\"@id\":\"https:\\\/\\\/osmeusapontamentos.com\\\/#\\\/schema\\\/person\\\/d508df9c3ffc8b4e64a18dbf0ba18dd8\"},\"keywords\":[\"onde vais cidade\",\"pedro figueiredo\",\"porto\"],\"articleSection\":[\"Ler\\\/ Ver\\\/ Ouvir\\\/ Passear\"],\"inLanguage\":\"pt-PT\",\"potentialAction\":[{\"@type\":\"CommentAction\",\"name\":\"Comment\",\"target\":[\"https:\\\/\\\/osmeusapontamentos.com\\\/index.php\\\/2009\\\/03\\\/02\\\/onde-vais-cidade-pedro-figueiredo\\\/#respond\"]}]},{\"@type\":\"WebPage\",\"@id\":\"https:\\\/\\\/osmeusapontamentos.com\\\/index.php\\\/2009\\\/03\\\/02\\\/onde-vais-cidade-pedro-figueiredo\\\/\",\"url\":\"https:\\\/\\\/osmeusapontamentos.com\\\/index.php\\\/2009\\\/03\\\/02\\\/onde-vais-cidade-pedro-figueiredo\\\/\",\"name\":\"Onde Vais Cidade - Pedro Figueiredo - Os Meus Apontamentos\",\"isPartOf\":{\"@id\":\"https:\\\/\\\/osmeusapontamentos.com\\\/#website\"},\"datePublished\":\"2009-03-02T12:37:45+00:00\",\"breadcrumb\":{\"@id\":\"https:\\\/\\\/osmeusapontamentos.com\\\/index.php\\\/2009\\\/03\\\/02\\\/onde-vais-cidade-pedro-figueiredo\\\/#breadcrumb\"},\"inLanguage\":\"pt-PT\",\"potentialAction\":[{\"@type\":\"ReadAction\",\"target\":[\"https:\\\/\\\/osmeusapontamentos.com\\\/index.php\\\/2009\\\/03\\\/02\\\/onde-vais-cidade-pedro-figueiredo\\\/\"]}]},{\"@type\":\"BreadcrumbList\",\"@id\":\"https:\\\/\\\/osmeusapontamentos.com\\\/index.php\\\/2009\\\/03\\\/02\\\/onde-vais-cidade-pedro-figueiredo\\\/#breadcrumb\",\"itemListElement\":[{\"@type\":\"ListItem\",\"position\":1,\"name\":\"In\u00edcio\",\"item\":\"https:\\\/\\\/osmeusapontamentos.com\\\/\"},{\"@type\":\"ListItem\",\"position\":2,\"name\":\"Onde Vais Cidade &#8211; Pedro Figueiredo\"}]},{\"@type\":\"WebSite\",\"@id\":\"https:\\\/\\\/osmeusapontamentos.com\\\/#website\",\"url\":\"https:\\\/\\\/osmeusapontamentos.com\\\/\",\"name\":\"Os Meus Apontamentos\",\"description\":\"\",\"publisher\":{\"@id\":\"https:\\\/\\\/osmeusapontamentos.com\\\/#\\\/schema\\\/person\\\/d508df9c3ffc8b4e64a18dbf0ba18dd8\"},\"potentialAction\":[{\"@type\":\"SearchAction\",\"target\":{\"@type\":\"EntryPoint\",\"urlTemplate\":\"https:\\\/\\\/osmeusapontamentos.com\\\/?s={search_term_string}\"},\"query-input\":{\"@type\":\"PropertyValueSpecification\",\"valueRequired\":true,\"valueName\":\"search_term_string\"}}],\"inLanguage\":\"pt-PT\"},{\"@type\":[\"Person\",\"Organization\"],\"@id\":\"https:\\\/\\\/osmeusapontamentos.com\\\/#\\\/schema\\\/person\\\/d508df9c3ffc8b4e64a18dbf0ba18dd8\",\"name\":\"Vitor Silva\",\"image\":{\"@type\":\"ImageObject\",\"inLanguage\":\"pt-PT\",\"@id\":\"https:\\\/\\\/secure.gravatar.com\\\/avatar\\\/f81f58ad909e8a213ab0a690f6ed65e5c0e0e2274bf35ac49ff31d7988d483ce?s=96&d=mm&r=g\",\"url\":\"https:\\\/\\\/secure.gravatar.com\\\/avatar\\\/f81f58ad909e8a213ab0a690f6ed65e5c0e0e2274bf35ac49ff31d7988d483ce?s=96&d=mm&r=g\",\"contentUrl\":\"https:\\\/\\\/secure.gravatar.com\\\/avatar\\\/f81f58ad909e8a213ab0a690f6ed65e5c0e0e2274bf35ac49ff31d7988d483ce?s=96&d=mm&r=g\",\"caption\":\"Vitor Silva\"},\"logo\":{\"@id\":\"https:\\\/\\\/secure.gravatar.com\\\/avatar\\\/f81f58ad909e8a213ab0a690f6ed65e5c0e0e2274bf35ac49ff31d7988d483ce?s=96&d=mm&r=g\"},\"sameAs\":[\"https:\\\/\\\/www.linkedin.com\\\/in\\\/vitormrsilva\",\"https:\\\/\\\/x.com\\\/vitorsilva\"]}]}<\/script>\n<!-- \/ Yoast SEO plugin. -->","yoast_head_json":{"title":"Onde Vais Cidade - Pedro Figueiredo - Os Meus Apontamentos","robots":{"index":"index","follow":"follow","max-snippet":"max-snippet:-1","max-image-preview":"max-image-preview:large","max-video-preview":"max-video-preview:-1"},"canonical":"https:\/\/osmeusapontamentos.com\/index.php\/2009\/03\/02\/onde-vais-cidade-pedro-figueiredo\/","og_locale":"pt_PT","og_type":"article","og_title":"Onde Vais Cidade - Pedro Figueiredo - Os Meus Apontamentos","og_description":"Aqui ficam as minhas notas em rela\u00e7\u00e3o \u00e0 interven\u00e7\u00e3o de Pedro Figueiredo no dia 21-fev-2008 a no f\u00f3rum &#8220;Onde vais cidade?&#8221; av. dos aliados como espa\u00e7o de exposi\u00e7\u00e3o do que se produz culturalmente na cidade. cria\u00e7\u00e3o de rede nacional de cinemas (\u00e0 semelhan\u00e7a da existente rede nacional de teatros) cinema batalha como &#8220;sede&#8221; do cineclube [&hellip;]","og_url":"https:\/\/osmeusapontamentos.com\/index.php\/2009\/03\/02\/onde-vais-cidade-pedro-figueiredo\/","og_site_name":"Os Meus Apontamentos","article_published_time":"2009-03-02T12:37:45+00:00","author":"Vitor Silva","twitter_card":"summary_large_image","twitter_creator":"@vitorsilva","twitter_site":"@vitorsilva","twitter_misc":{"Escrito por":"Vitor Silva","Tempo estimado de leitura":"1 minuto"},"schema":{"@context":"https:\/\/schema.org","@graph":[{"@type":"Article","@id":"https:\/\/osmeusapontamentos.com\/index.php\/2009\/03\/02\/onde-vais-cidade-pedro-figueiredo\/#article","isPartOf":{"@id":"https:\/\/osmeusapontamentos.com\/index.php\/2009\/03\/02\/onde-vais-cidade-pedro-figueiredo\/"},"author":{"name":"Vitor Silva","@id":"https:\/\/osmeusapontamentos.com\/#\/schema\/person\/d508df9c3ffc8b4e64a18dbf0ba18dd8"},"headline":"Onde Vais Cidade &#8211; Pedro Figueiredo","datePublished":"2009-03-02T12:37:45+00:00","mainEntityOfPage":{"@id":"https:\/\/osmeusapontamentos.com\/index.php\/2009\/03\/02\/onde-vais-cidade-pedro-figueiredo\/"},"wordCount":179,"commentCount":0,"publisher":{"@id":"https:\/\/osmeusapontamentos.com\/#\/schema\/person\/d508df9c3ffc8b4e64a18dbf0ba18dd8"},"keywords":["onde vais cidade","pedro figueiredo","porto"],"articleSection":["Ler\/ Ver\/ Ouvir\/ Passear"],"inLanguage":"pt-PT","potentialAction":[{"@type":"CommentAction","name":"Comment","target":["https:\/\/osmeusapontamentos.com\/index.php\/2009\/03\/02\/onde-vais-cidade-pedro-figueiredo\/#respond"]}]},{"@type":"WebPage","@id":"https:\/\/osmeusapontamentos.com\/index.php\/2009\/03\/02\/onde-vais-cidade-pedro-figueiredo\/","url":"https:\/\/osmeusapontamentos.com\/index.php\/2009\/03\/02\/onde-vais-cidade-pedro-figueiredo\/","name":"Onde Vais Cidade - Pedro Figueiredo - Os Meus Apontamentos","isPartOf":{"@id":"https:\/\/osmeusapontamentos.com\/#website"},"datePublished":"2009-03-02T12:37:45+00:00","breadcrumb":{"@id":"https:\/\/osmeusapontamentos.com\/index.php\/2009\/03\/02\/onde-vais-cidade-pedro-figueiredo\/#breadcrumb"},"inLanguage":"pt-PT","potentialAction":[{"@type":"ReadAction","target":["https:\/\/osmeusapontamentos.com\/index.php\/2009\/03\/02\/onde-vais-cidade-pedro-figueiredo\/"]}]},{"@type":"BreadcrumbList","@id":"https:\/\/osmeusapontamentos.com\/index.php\/2009\/03\/02\/onde-vais-cidade-pedro-figueiredo\/#breadcrumb","itemListElement":[{"@type":"ListItem","position":1,"name":"In\u00edcio","item":"https:\/\/osmeusapontamentos.com\/"},{"@type":"ListItem","position":2,"name":"Onde Vais Cidade &#8211; Pedro Figueiredo"}]},{"@type":"WebSite","@id":"https:\/\/osmeusapontamentos.com\/#website","url":"https:\/\/osmeusapontamentos.com\/","name":"Os Meus Apontamentos","description":"","publisher":{"@id":"https:\/\/osmeusapontamentos.com\/#\/schema\/person\/d508df9c3ffc8b4e64a18dbf0ba18dd8"},"potentialAction":[{"@type":"SearchAction","target":{"@type":"EntryPoint","urlTemplate":"https:\/\/osmeusapontamentos.com\/?s={search_term_string}"},"query-input":{"@type":"PropertyValueSpecification","valueRequired":true,"valueName":"search_term_string"}}],"inLanguage":"pt-PT"},{"@type":["Person","Organization"],"@id":"https:\/\/osmeusapontamentos.com\/#\/schema\/person\/d508df9c3ffc8b4e64a18dbf0ba18dd8","name":"Vitor Silva","image":{"@type":"ImageObject","inLanguage":"pt-PT","@id":"https:\/\/secure.gravatar.com\/avatar\/f81f58ad909e8a213ab0a690f6ed65e5c0e0e2274bf35ac49ff31d7988d483ce?s=96&d=mm&r=g","url":"https:\/\/secure.gravatar.com\/avatar\/f81f58ad909e8a213ab0a690f6ed65e5c0e0e2274bf35ac49ff31d7988d483ce?s=96&d=mm&r=g","contentUrl":"https:\/\/secure.gravatar.com\/avatar\/f81f58ad909e8a213ab0a690f6ed65e5c0e0e2274bf35ac49ff31d7988d483ce?s=96&d=mm&r=g","caption":"Vitor Silva"},"logo":{"@id":"https:\/\/secure.gravatar.com\/avatar\/f81f58ad909e8a213ab0a690f6ed65e5c0e0e2274bf35ac49ff31d7988d483ce?s=96&d=mm&r=g"},"sameAs":["https:\/\/www.linkedin.com\/in\/vitormrsilva","https:\/\/x.com\/vitorsilva"]}]}},"_links":{"self":[{"href":"https:\/\/osmeusapontamentos.com\/index.php\/wp-json\/wp\/v2\/posts\/1306","targetHints":{"allow":["GET"]}}],"collection":[{"href":"https:\/\/osmeusapontamentos.com\/index.php\/wp-json\/wp\/v2\/posts"}],"about":[{"href":"https:\/\/osmeusapontamentos.com\/index.php\/wp-json\/wp\/v2\/types\/post"}],"author":[{"embeddable":true,"href":"https:\/\/osmeusapontamentos.com\/index.php\/wp-json\/wp\/v2\/users\/1"}],"replies":[{"embeddable":true,"href":"https:\/\/osmeusapontamentos.com\/index.php\/wp-json\/wp\/v2\/comments?post=1306"}],"version-history":[{"count":0,"href":"https:\/\/osmeusapontamentos.com\/index.php\/wp-json\/wp\/v2\/posts\/1306\/revisions"}],"wp:attachment":[{"href":"https:\/\/osmeusapontamentos.com\/index.php\/wp-json\/wp\/v2\/media?parent=1306"}],"wp:term":[{"taxonomy":"category","embeddable":true,"href":"https:\/\/osmeusapontamentos.com\/index.php\/wp-json\/wp\/v2\/categories?post=1306"},{"taxonomy":"post_tag","embeddable":true,"href":"https:\/\/osmeusapontamentos.com\/index.php\/wp-json\/wp\/v2\/tags?post=1306"}],"curies":[{"name":"wp","href":"https:\/\/api.w.org\/{rel}","templated":true}]}}