{"id":1300,"date":"2009-02-28T12:13:45","date_gmt":"2009-02-28T12:13:45","guid":{"rendered":"http:\/\/osmeusapontamentos.com\/?p=1300"},"modified":"2009-02-28T12:13:45","modified_gmt":"2009-02-28T12:13:45","slug":"onde-vais-cidade-helena-ferreira","status":"publish","type":"post","link":"https:\/\/osmeusapontamentos.com\/index.php\/2009\/02\/28\/onde-vais-cidade-helena-ferreira\/","title":{"rendered":"Onde Vais Cidade &#8211; Helena Ferreira"},"content":{"rendered":"<p>Aqui ficam as minhas notas em rela\u00e7\u00e3o \u00e0 interven\u00e7\u00e3o de Helena Ferreira no dia 21-fev-2008 a no f\u00f3rum &#8220;<a href=\"http:\/\/www.petitiononline.com\/forumprt\/petition.html\">Onde vais cidade?<\/a>&#8221;<\/p>\n<ul>\n<li>energia e sustentabilidade<\/li>\n<li>revis\u00e3o do que j\u00e1 foi feito =&gt; agenda 21 local, <a href=\"http:\/\/www.adeporto.eu\/fotos\/editor2\/adeporto_matriz_final.pdf\">matriz energ\u00e9tica<\/a>, estrat\u00e9gia de sustentabilidade do porto<\/li>\n<li>apesar do metro do porto h\u00e1 mais ve\u00edculos na cidade<\/li>\n<li><a href=\"http:\/\/www.antram.pt\/history_details.aspx?ido=3242\">taxa de motoriza\u00e7\u00e3o<\/a>: porto &#8211; 597; portugal &#8211; 572; ue25 &#8211; 463<\/li>\n<li>gastos em ilumina\u00e7\u00e3o p\u00fablica aumentaram 17% entre 2000 e 2007 apesar de o numero de habitantes ter reduzido<\/li>\n<li>licenciamentos para novas habita\u00e7\u00f5es vs recupera\u00e7\u00e3o<\/li>\n<li>2007 &#8211; 170\/60<br \/>\n170 \u00e9 o valor mais elevado dos ultimos 10 anos<\/li>\n<li>\u00edndice de diversidade =&gt; ainda continua a ser a zona intra-vci<\/li>\n<li>alguns caminhos para a sustentabilidade<\/li>\n<li>cidade baixo carbono<br \/>\nparticipa\u00e7\u00e3o p\u00fablica &#8211; mudan\u00e7a no perfil de consumo &#8211; novas formas energia<\/li>\n<li>espa\u00e7o p\u00fablico ainda \u00e9 pensado na \u00f3ptica do transporte individual<\/li>\n<li>porto poderia ter um efeito demonstrativo e dinamizador nestas quest\u00f5es da sustentabilidade<\/li>\n<li><a href=\"http:\/\/adeporto.sapoadsl.pt\/adeportofiles\/ESP.pdf\">estrat\u00e9gia sustentabilidade do porto<\/a> &#8211; documento tecnicamente perfeito mas conservador \/ cauteloso nas propostas que avan\u00e7a.<\/li>\n<li>documento apresentado poderia servir quase para qualquer cidade.<\/li>\n<li>algumas propostas muito vagas, por exemplo: pag.75 &#8220;redu\u00e7\u00e3o das emiss\u00f5es de CO2 associadas \u00e0 queima de combust\u00edveis f\u00f3sseis (&#8230;) at\u00e9 ao limite simb\u00f3lico de 3,5tonCO2\/capita.ano&#8221; tendo em conta que o valor de 2004 \u00e9 5,5.<br \/>\nmas quais s\u00e3o as metas sectoriais a atingir?<br \/>\nonde est\u00e1 a defini\u00e7\u00e3o do plano e formas de monitoriza\u00e7\u00e3o?<\/li>\n<\/ul>\n","protected":false},"excerpt":{"rendered":"<p>Aqui ficam as minhas notas em rela\u00e7\u00e3o \u00e0 interven\u00e7\u00e3o de Helena Ferreira no dia 21-fev-2008 a no f\u00f3rum &#8220;Onde vais cidade?&#8221; energia e sustentabilidade revis\u00e3o do que j\u00e1 foi feito =&gt; agenda 21 local, matriz energ\u00e9tica, estrat\u00e9gia de sustentabilidade do porto apesar do metro do porto h\u00e1 mais ve\u00edculos na cidade taxa de motoriza\u00e7\u00e3o: porto [&hellip;]<\/p>\n","protected":false},"author":1,"featured_media":0,"comment_status":"open","ping_status":"open","sticky":false,"template":"","format":"standard","meta":{"footnotes":""},"categories":[7],"tags":[223,295,465,524,619],"class_list":["post-1300","post","type-post","status-publish","format-standard","hentry","category-ler-ver-ouvir-passear","tag-energia","tag-helena-ferreira","tag-onde-vais-cidade","tag-porto","tag-sustentabilidade"],"yoast_head":"<!-- This site is optimized with the Yoast SEO plugin v27.5 - https:\/\/yoast.com\/product\/yoast-seo-wordpress\/ -->\n<title>Onde Vais Cidade - Helena Ferreira - Os Meus Apontamentos<\/title>\n<meta name=\"robots\" content=\"index, follow, max-snippet:-1, max-image-preview:large, max-video-preview:-1\" \/>\n<link rel=\"canonical\" href=\"https:\/\/osmeusapontamentos.com\/index.php\/2009\/02\/28\/onde-vais-cidade-helena-ferreira\/\" \/>\n<meta property=\"og:locale\" content=\"pt_PT\" \/>\n<meta property=\"og:type\" content=\"article\" \/>\n<meta property=\"og:title\" content=\"Onde Vais Cidade - Helena Ferreira - Os Meus Apontamentos\" \/>\n<meta property=\"og:description\" content=\"Aqui ficam as minhas notas em rela\u00e7\u00e3o \u00e0 interven\u00e7\u00e3o de Helena Ferreira no dia 21-fev-2008 a no f\u00f3rum &#8220;Onde vais cidade?&#8221; energia e sustentabilidade revis\u00e3o do que j\u00e1 foi feito =&gt; agenda 21 local, matriz energ\u00e9tica, estrat\u00e9gia de sustentabilidade do porto apesar do metro do porto h\u00e1 mais ve\u00edculos na cidade taxa de motoriza\u00e7\u00e3o: porto [&hellip;]\" \/>\n<meta property=\"og:url\" content=\"https:\/\/osmeusapontamentos.com\/index.php\/2009\/02\/28\/onde-vais-cidade-helena-ferreira\/\" \/>\n<meta property=\"og:site_name\" content=\"Os Meus Apontamentos\" \/>\n<meta property=\"article:published_time\" content=\"2009-02-28T12:13:45+00:00\" \/>\n<meta name=\"author\" content=\"Vitor Silva\" \/>\n<meta name=\"twitter:card\" content=\"summary_large_image\" \/>\n<meta name=\"twitter:creator\" content=\"@vitorsilva\" \/>\n<meta name=\"twitter:site\" content=\"@vitorsilva\" \/>\n<meta name=\"twitter:label1\" content=\"Escrito por\" \/>\n\t<meta name=\"twitter:data1\" content=\"Vitor Silva\" \/>\n\t<meta name=\"twitter:label2\" content=\"Tempo estimado de leitura\" \/>\n\t<meta name=\"twitter:data2\" content=\"1 minuto\" \/>\n<script type=\"application\/ld+json\" class=\"yoast-schema-graph\">{\"@context\":\"https:\\\/\\\/schema.org\",\"@graph\":[{\"@type\":\"Article\",\"@id\":\"https:\\\/\\\/osmeusapontamentos.com\\\/index.php\\\/2009\\\/02\\\/28\\\/onde-vais-cidade-helena-ferreira\\\/#article\",\"isPartOf\":{\"@id\":\"https:\\\/\\\/osmeusapontamentos.com\\\/index.php\\\/2009\\\/02\\\/28\\\/onde-vais-cidade-helena-ferreira\\\/\"},\"author\":{\"name\":\"Vitor Silva\",\"@id\":\"https:\\\/\\\/osmeusapontamentos.com\\\/#\\\/schema\\\/person\\\/d508df9c3ffc8b4e64a18dbf0ba18dd8\"},\"headline\":\"Onde Vais Cidade &#8211; Helena Ferreira\",\"datePublished\":\"2009-02-28T12:13:45+00:00\",\"mainEntityOfPage\":{\"@id\":\"https:\\\/\\\/osmeusapontamentos.com\\\/index.php\\\/2009\\\/02\\\/28\\\/onde-vais-cidade-helena-ferreira\\\/\"},\"wordCount\":246,\"commentCount\":0,\"publisher\":{\"@id\":\"https:\\\/\\\/osmeusapontamentos.com\\\/#\\\/schema\\\/person\\\/d508df9c3ffc8b4e64a18dbf0ba18dd8\"},\"keywords\":[\"energia\",\"helena ferreira\",\"onde vais cidade\",\"porto\",\"sustentabilidade\"],\"articleSection\":[\"Ler\\\/ Ver\\\/ Ouvir\\\/ Passear\"],\"inLanguage\":\"pt-PT\",\"potentialAction\":[{\"@type\":\"CommentAction\",\"name\":\"Comment\",\"target\":[\"https:\\\/\\\/osmeusapontamentos.com\\\/index.php\\\/2009\\\/02\\\/28\\\/onde-vais-cidade-helena-ferreira\\\/#respond\"]}]},{\"@type\":\"WebPage\",\"@id\":\"https:\\\/\\\/osmeusapontamentos.com\\\/index.php\\\/2009\\\/02\\\/28\\\/onde-vais-cidade-helena-ferreira\\\/\",\"url\":\"https:\\\/\\\/osmeusapontamentos.com\\\/index.php\\\/2009\\\/02\\\/28\\\/onde-vais-cidade-helena-ferreira\\\/\",\"name\":\"Onde Vais Cidade - Helena Ferreira - Os Meus Apontamentos\",\"isPartOf\":{\"@id\":\"https:\\\/\\\/osmeusapontamentos.com\\\/#website\"},\"datePublished\":\"2009-02-28T12:13:45+00:00\",\"breadcrumb\":{\"@id\":\"https:\\\/\\\/osmeusapontamentos.com\\\/index.php\\\/2009\\\/02\\\/28\\\/onde-vais-cidade-helena-ferreira\\\/#breadcrumb\"},\"inLanguage\":\"pt-PT\",\"potentialAction\":[{\"@type\":\"ReadAction\",\"target\":[\"https:\\\/\\\/osmeusapontamentos.com\\\/index.php\\\/2009\\\/02\\\/28\\\/onde-vais-cidade-helena-ferreira\\\/\"]}]},{\"@type\":\"BreadcrumbList\",\"@id\":\"https:\\\/\\\/osmeusapontamentos.com\\\/index.php\\\/2009\\\/02\\\/28\\\/onde-vais-cidade-helena-ferreira\\\/#breadcrumb\",\"itemListElement\":[{\"@type\":\"ListItem\",\"position\":1,\"name\":\"In\u00edcio\",\"item\":\"https:\\\/\\\/osmeusapontamentos.com\\\/\"},{\"@type\":\"ListItem\",\"position\":2,\"name\":\"Onde Vais Cidade &#8211; Helena Ferreira\"}]},{\"@type\":\"WebSite\",\"@id\":\"https:\\\/\\\/osmeusapontamentos.com\\\/#website\",\"url\":\"https:\\\/\\\/osmeusapontamentos.com\\\/\",\"name\":\"Os Meus Apontamentos\",\"description\":\"\",\"publisher\":{\"@id\":\"https:\\\/\\\/osmeusapontamentos.com\\\/#\\\/schema\\\/person\\\/d508df9c3ffc8b4e64a18dbf0ba18dd8\"},\"potentialAction\":[{\"@type\":\"SearchAction\",\"target\":{\"@type\":\"EntryPoint\",\"urlTemplate\":\"https:\\\/\\\/osmeusapontamentos.com\\\/?s={search_term_string}\"},\"query-input\":{\"@type\":\"PropertyValueSpecification\",\"valueRequired\":true,\"valueName\":\"search_term_string\"}}],\"inLanguage\":\"pt-PT\"},{\"@type\":[\"Person\",\"Organization\"],\"@id\":\"https:\\\/\\\/osmeusapontamentos.com\\\/#\\\/schema\\\/person\\\/d508df9c3ffc8b4e64a18dbf0ba18dd8\",\"name\":\"Vitor Silva\",\"image\":{\"@type\":\"ImageObject\",\"inLanguage\":\"pt-PT\",\"@id\":\"https:\\\/\\\/secure.gravatar.com\\\/avatar\\\/f81f58ad909e8a213ab0a690f6ed65e5c0e0e2274bf35ac49ff31d7988d483ce?s=96&d=mm&r=g\",\"url\":\"https:\\\/\\\/secure.gravatar.com\\\/avatar\\\/f81f58ad909e8a213ab0a690f6ed65e5c0e0e2274bf35ac49ff31d7988d483ce?s=96&d=mm&r=g\",\"contentUrl\":\"https:\\\/\\\/secure.gravatar.com\\\/avatar\\\/f81f58ad909e8a213ab0a690f6ed65e5c0e0e2274bf35ac49ff31d7988d483ce?s=96&d=mm&r=g\",\"caption\":\"Vitor Silva\"},\"logo\":{\"@id\":\"https:\\\/\\\/secure.gravatar.com\\\/avatar\\\/f81f58ad909e8a213ab0a690f6ed65e5c0e0e2274bf35ac49ff31d7988d483ce?s=96&d=mm&r=g\"},\"sameAs\":[\"https:\\\/\\\/www.linkedin.com\\\/in\\\/vitormrsilva\",\"https:\\\/\\\/x.com\\\/vitorsilva\"]}]}<\/script>\n<!-- \/ Yoast SEO plugin. -->","yoast_head_json":{"title":"Onde Vais Cidade - Helena Ferreira - Os Meus Apontamentos","robots":{"index":"index","follow":"follow","max-snippet":"max-snippet:-1","max-image-preview":"max-image-preview:large","max-video-preview":"max-video-preview:-1"},"canonical":"https:\/\/osmeusapontamentos.com\/index.php\/2009\/02\/28\/onde-vais-cidade-helena-ferreira\/","og_locale":"pt_PT","og_type":"article","og_title":"Onde Vais Cidade - Helena Ferreira - Os Meus Apontamentos","og_description":"Aqui ficam as minhas notas em rela\u00e7\u00e3o \u00e0 interven\u00e7\u00e3o de Helena Ferreira no dia 21-fev-2008 a no f\u00f3rum &#8220;Onde vais cidade?&#8221; energia e sustentabilidade revis\u00e3o do que j\u00e1 foi feito =&gt; agenda 21 local, matriz energ\u00e9tica, estrat\u00e9gia de sustentabilidade do porto apesar do metro do porto h\u00e1 mais ve\u00edculos na cidade taxa de motoriza\u00e7\u00e3o: porto [&hellip;]","og_url":"https:\/\/osmeusapontamentos.com\/index.php\/2009\/02\/28\/onde-vais-cidade-helena-ferreira\/","og_site_name":"Os Meus Apontamentos","article_published_time":"2009-02-28T12:13:45+00:00","author":"Vitor Silva","twitter_card":"summary_large_image","twitter_creator":"@vitorsilva","twitter_site":"@vitorsilva","twitter_misc":{"Escrito por":"Vitor Silva","Tempo estimado de leitura":"1 minuto"},"schema":{"@context":"https:\/\/schema.org","@graph":[{"@type":"Article","@id":"https:\/\/osmeusapontamentos.com\/index.php\/2009\/02\/28\/onde-vais-cidade-helena-ferreira\/#article","isPartOf":{"@id":"https:\/\/osmeusapontamentos.com\/index.php\/2009\/02\/28\/onde-vais-cidade-helena-ferreira\/"},"author":{"name":"Vitor Silva","@id":"https:\/\/osmeusapontamentos.com\/#\/schema\/person\/d508df9c3ffc8b4e64a18dbf0ba18dd8"},"headline":"Onde Vais Cidade &#8211; Helena Ferreira","datePublished":"2009-02-28T12:13:45+00:00","mainEntityOfPage":{"@id":"https:\/\/osmeusapontamentos.com\/index.php\/2009\/02\/28\/onde-vais-cidade-helena-ferreira\/"},"wordCount":246,"commentCount":0,"publisher":{"@id":"https:\/\/osmeusapontamentos.com\/#\/schema\/person\/d508df9c3ffc8b4e64a18dbf0ba18dd8"},"keywords":["energia","helena ferreira","onde vais cidade","porto","sustentabilidade"],"articleSection":["Ler\/ Ver\/ Ouvir\/ Passear"],"inLanguage":"pt-PT","potentialAction":[{"@type":"CommentAction","name":"Comment","target":["https:\/\/osmeusapontamentos.com\/index.php\/2009\/02\/28\/onde-vais-cidade-helena-ferreira\/#respond"]}]},{"@type":"WebPage","@id":"https:\/\/osmeusapontamentos.com\/index.php\/2009\/02\/28\/onde-vais-cidade-helena-ferreira\/","url":"https:\/\/osmeusapontamentos.com\/index.php\/2009\/02\/28\/onde-vais-cidade-helena-ferreira\/","name":"Onde Vais Cidade - Helena Ferreira - Os Meus Apontamentos","isPartOf":{"@id":"https:\/\/osmeusapontamentos.com\/#website"},"datePublished":"2009-02-28T12:13:45+00:00","breadcrumb":{"@id":"https:\/\/osmeusapontamentos.com\/index.php\/2009\/02\/28\/onde-vais-cidade-helena-ferreira\/#breadcrumb"},"inLanguage":"pt-PT","potentialAction":[{"@type":"ReadAction","target":["https:\/\/osmeusapontamentos.com\/index.php\/2009\/02\/28\/onde-vais-cidade-helena-ferreira\/"]}]},{"@type":"BreadcrumbList","@id":"https:\/\/osmeusapontamentos.com\/index.php\/2009\/02\/28\/onde-vais-cidade-helena-ferreira\/#breadcrumb","itemListElement":[{"@type":"ListItem","position":1,"name":"In\u00edcio","item":"https:\/\/osmeusapontamentos.com\/"},{"@type":"ListItem","position":2,"name":"Onde Vais Cidade &#8211; Helena Ferreira"}]},{"@type":"WebSite","@id":"https:\/\/osmeusapontamentos.com\/#website","url":"https:\/\/osmeusapontamentos.com\/","name":"Os Meus Apontamentos","description":"","publisher":{"@id":"https:\/\/osmeusapontamentos.com\/#\/schema\/person\/d508df9c3ffc8b4e64a18dbf0ba18dd8"},"potentialAction":[{"@type":"SearchAction","target":{"@type":"EntryPoint","urlTemplate":"https:\/\/osmeusapontamentos.com\/?s={search_term_string}"},"query-input":{"@type":"PropertyValueSpecification","valueRequired":true,"valueName":"search_term_string"}}],"inLanguage":"pt-PT"},{"@type":["Person","Organization"],"@id":"https:\/\/osmeusapontamentos.com\/#\/schema\/person\/d508df9c3ffc8b4e64a18dbf0ba18dd8","name":"Vitor Silva","image":{"@type":"ImageObject","inLanguage":"pt-PT","@id":"https:\/\/secure.gravatar.com\/avatar\/f81f58ad909e8a213ab0a690f6ed65e5c0e0e2274bf35ac49ff31d7988d483ce?s=96&d=mm&r=g","url":"https:\/\/secure.gravatar.com\/avatar\/f81f58ad909e8a213ab0a690f6ed65e5c0e0e2274bf35ac49ff31d7988d483ce?s=96&d=mm&r=g","contentUrl":"https:\/\/secure.gravatar.com\/avatar\/f81f58ad909e8a213ab0a690f6ed65e5c0e0e2274bf35ac49ff31d7988d483ce?s=96&d=mm&r=g","caption":"Vitor Silva"},"logo":{"@id":"https:\/\/secure.gravatar.com\/avatar\/f81f58ad909e8a213ab0a690f6ed65e5c0e0e2274bf35ac49ff31d7988d483ce?s=96&d=mm&r=g"},"sameAs":["https:\/\/www.linkedin.com\/in\/vitormrsilva","https:\/\/x.com\/vitorsilva"]}]}},"_links":{"self":[{"href":"https:\/\/osmeusapontamentos.com\/index.php\/wp-json\/wp\/v2\/posts\/1300","targetHints":{"allow":["GET"]}}],"collection":[{"href":"https:\/\/osmeusapontamentos.com\/index.php\/wp-json\/wp\/v2\/posts"}],"about":[{"href":"https:\/\/osmeusapontamentos.com\/index.php\/wp-json\/wp\/v2\/types\/post"}],"author":[{"embeddable":true,"href":"https:\/\/osmeusapontamentos.com\/index.php\/wp-json\/wp\/v2\/users\/1"}],"replies":[{"embeddable":true,"href":"https:\/\/osmeusapontamentos.com\/index.php\/wp-json\/wp\/v2\/comments?post=1300"}],"version-history":[{"count":0,"href":"https:\/\/osmeusapontamentos.com\/index.php\/wp-json\/wp\/v2\/posts\/1300\/revisions"}],"wp:attachment":[{"href":"https:\/\/osmeusapontamentos.com\/index.php\/wp-json\/wp\/v2\/media?parent=1300"}],"wp:term":[{"taxonomy":"category","embeddable":true,"href":"https:\/\/osmeusapontamentos.com\/index.php\/wp-json\/wp\/v2\/categories?post=1300"},{"taxonomy":"post_tag","embeddable":true,"href":"https:\/\/osmeusapontamentos.com\/index.php\/wp-json\/wp\/v2\/tags?post=1300"}],"curies":[{"name":"wp","href":"https:\/\/api.w.org\/{rel}","templated":true}]}}