{"id":1298,"date":"2009-02-27T12:06:37","date_gmt":"2009-02-27T12:06:37","guid":{"rendered":"http:\/\/osmeusapontamentos.com\/?p=1298"},"modified":"2009-02-27T12:06:37","modified_gmt":"2009-02-27T12:06:37","slug":"onde-vais-cidade-helena-roseta","status":"publish","type":"post","link":"https:\/\/osmeusapontamentos.com\/index.php\/2009\/02\/27\/onde-vais-cidade-helena-roseta\/","title":{"rendered":"Onde Vais Cidade &#8211; Helena Roseta"},"content":{"rendered":"<p>Aqui ficam as minhas notas em rela\u00e7\u00e3o \u00e0 interven\u00e7\u00e3o de <a href=\"http:\/\/pt.wikipedia.org\/wiki\/Helena_Roseta\">Helena Roseta<\/a> no dia 21-fev-2008 a no f\u00f3rum &#8220;<a href=\"http:\/\/www.petitiononline.com\/forumprt\/petition.html\">Onde vais cidade?<\/a>&#8221;<\/p>\n<p>Na altura gravei as interven\u00e7\u00f5es de todos mas a qualidade da grava\u00e7\u00e3o ficou muito m\u00e1 pelo que n\u00e3o vou conseguir disponibiliz\u00e1-la. Sendo assim transcrevi 2 partes da interven\u00e7\u00e3o que me pareceram bastante interessantes.<\/p>\n<p>sobre a organiza\u00e7\u00e3o dos movimentos de cidad\u00e3os<br \/>\n&#8220;(&#8230;)estamos a tentar reestruturar-nos para podermos ir novamente a jogo, [porque] os movimentos de cidad\u00e3os quando v\u00e3o a jogo uma vez acabou, para a pr\u00f3xima temos que voltar a recolher assinaturas, voltar a fazer o processo todo outra vez, portanto \u00e9 outro grupo de cidad\u00e3os, se calhar j\u00e1 n\u00e3o ser\u00e3o as mesmas 5000 pessoas que assinam, \u00e9 preciso fazer tudo outra vez. estamos nessa fase.(&#8230;)&#8221;<\/p>\n<p>sobre o dia-a-dia na assembleia municipal e o processo de decis\u00e3o<br \/>\n&#8220;(&#8230;)temos tido alguma dificuldade de pensarmos como \u00e9 que nos organizamos dentro da c\u00e2mara, tem sido uma perturba\u00e7\u00e3o muito grande porque n\u00f3s n\u00e3o nos organizamos como um partido e n\u00e3o somos [um partido], n\u00e3o sendo um partido n\u00e3o recebemos instru\u00e7\u00f5es de ningu\u00e9m&#8230; como \u00e9 que a gente decide? temos uma esp\u00e9cie de geometria vari\u00e1vel isto \u00e9, as coisas mais simples decidimos entre os que l\u00e1 est\u00e3o, os dois vereadores, os vereadores e os assessores, fazemos reuni\u00f5es todas as semanas (&#8230;) depois h\u00e1 coisas que n\u00f3s n\u00e3o fazemos a minima ideia como \u00e9 que havemos de votar porque s\u00e3o assuntos altamente complexos, a gest\u00e3o da cidade \u00e9 complexa, n\u00e3o temos nenhum hist\u00f3rico, n\u00e3o temos nenhuma promessa isso n\u00e3o estava no nosso programa como \u00e9 que a gente vota? ent\u00e3o a\u00ed estamos mais ou menos a trabalhar esta ideia: n\u00e3o temos disciplina mas temos um dever, que \u00e9 uma auto-disciplina, que \u00e9 o dever de audi\u00e7\u00e3o. ent\u00e3o quando n\u00e3o sabemos o que havemos de fazer porque n\u00e3o temos orienta\u00e7\u00e3o pr\u00e9via fazemos um col\u00f3quio convocando as pessoas (&#8230;) para falar da mat\u00e9ria e poder dali tirar um pouco um consenso, uma orienta\u00e7\u00e3o. quando n\u00e3o temos tempo para fazer isto pelo menos falamos a tr\u00eas ou quatro pessoas que saibam da mat\u00e9ria, n\u00e3o interessa nada de que partido seja desde que sejam especialistas que saibam da mat\u00e9ria.(&#8230;)&#8221;<\/p>\n<ul>\n<li><a href=\"http:\/\/cidadaosporlisboa.org\/\">cidadaosporlisboa.org<\/a><\/li>\n<li>gest\u00e3o da cidade \u00e9 complexa<\/li>\n<li>h\u00e1 coisas que n\u00e3o se sabe como votar<\/li>\n<li>temos (os dois deputados da assembleia muncipal dos cidad\u00e3os por lisboa) o dever de audi\u00e7\u00e3o =&gt; col\u00f3quios, especialistas<\/li>\n<li>como organizar movimentos?<\/li>\n<li>quais as alternativas ao actual paradigma hier\u00e1rquico na organiza\u00e7\u00e3o deste tipo de estruturas (partid\u00e1rias e semelhantes) =&gt; geometria vari\u00e1vel<\/li>\n<li><a href=\"http:\/\/habitacao.cm-lisboa.pt\/ \">programa local de habita\u00e7\u00e3o<\/a><\/li>\n<li>habita\u00e7\u00e3o &#8211; quando os juros eram altos o apoio do estado resumia-se a juros bonificados, com os juros baixos os apoios quase acabaram<\/li>\n<li>tri\u00e2ngulo habita\u00e7\u00e3o &#8211; espa\u00e7os p\u00fablicos &#8211; mobilidade =&gt; inspirado em FERN\u00c1ndez G\u00dcEL, Jos\u00e9 Miguel. Planificaci\u00f3n estrat\u00e9gica de ciudades.<\/li>\n<li>a partir do mapa com a idade do edificado existente =&gt; descobrir oportunidades. saber quais as \u00e1reas que v\u00e3o ficar disponiveis<\/li>\n<li>o stock de casas devolutas inclui casas recuper\u00e1veis mas h\u00e1 tamb\u00e9m um stock a abater =&gt; seja porque n\u00e3o h\u00e1 possibilidade t\u00e9cnica\/financeira de os recuperar ou porque simplesmente as condi\u00e7\u00f5es que oferecem (por exemplo dimens\u00f5es) j\u00e1 n\u00e3o fazem sentido nos dias de hoje<\/li>\n<li>Lisboa =&gt; 100.000 (1\/5) s\u00e3o inquilinos da c\u00e2mara<\/li>\n<li>entre 1991\/2001 o munic\u00edpio investiu em habita\u00e7\u00e3o 1.135M\u20ac o que compara com a saida de 100.000 pessoas da cidade<\/li>\n<li><a href=\"http:\/\/habitacao.cm-lisboa.pt\/index.htm?no=151000100161\">car\u00eancias s\u00f3cio urban\u00edsticas da cidade<br \/>\n<\/a>&#8220;Na \u00e1rea do ensino, h\u00e1 12 freguesias de Lisboa sem qualquer creche p\u00fablica e, para atingir uma taxa m\u00e9dia de cobertura de 50 por cento, o concelho de Lisboa precisaria de 74 novas creches.&#8221;<br \/>\n&#8220;A Alta de Lisboa, uma das zonas de maior expans\u00e3o da cidade, que recebeu ap\u00f3s 2001 mais de 10.000 habitantes e onde poder\u00e3o ainda viver mais cerca de 40.000 pessoas, \u00e9 servida por instala\u00e7\u00f5es de sa\u00fade provis\u00f3rias, em duas lojas.&#8221;<\/li>\n<li>rela\u00e7\u00e3o arrendamento \/ casa pr\u00f3pria =&gt; \u00e9 essencialmente na periferia da cidade (embora ainda dentro) e s\u00e3o principalmente os jovens que s\u00e3o propriet\u00e1rios simplesmente porque foram os \u00faltimos a chegar a um mercado de arrendamento escasso.<\/li>\n<li>sobre a crise: triplicou o n\u00famero de pessoas que precisa de apoio para alimenta\u00e7\u00e3o<\/li>\n<li>grandes op\u00e7\u00f5es pol\u00edticas do solo<\/li>\n<li>criar fundo municipal de urbaniza\u00e7\u00e3o previsto na lei dos solos<\/li>\n<li>regularizar o patrim\u00f3nio fundi\u00e1rio municipal =&gt; h\u00e1 equipamentos \/ terrenos que n\u00e3o est\u00e3o registados =&gt; s\u00f3 depois pode ser posto online<\/li>\n<li>reabilita\u00e7\u00e3o &#8211; desemprego &#8211; forma\u00e7\u00e3o profissional =&gt; porque as compet\u00eancias para a reabilita\u00e7\u00e3o s\u00e3o diferentes das compet\u00eancias para constru\u00e7\u00e3o de raiz.<\/li>\n<li>casas vazias &#8211; jovens &#8211; renda apoiada =&gt; j\u00e1 existem seguros de rendas, poderiam ser ampliados<\/li>\n<li>acupunctura urbana =&gt; condi\u00e7\u00f5es conforto &#8211; mobilidade &#8211; conforto t\u00e9rmico<\/li>\n<li>hipotecas &#8211; banca (morat\u00f3rias) &#8211; gabinete aconselhamento<\/li>\n<li>expandir o programa recria para inquilinos<\/li>\n<\/ul>\n","protected":false},"excerpt":{"rendered":"<p>Aqui ficam as minhas notas em rela\u00e7\u00e3o \u00e0 interven\u00e7\u00e3o de Helena Roseta no dia 21-fev-2008 a no f\u00f3rum &#8220;Onde vais cidade?&#8221; Na altura gravei as interven\u00e7\u00f5es de todos mas a qualidade da grava\u00e7\u00e3o ficou muito m\u00e1 pelo que n\u00e3o vou conseguir disponibiliz\u00e1-la. Sendo assim transcrevi 2 partes da interven\u00e7\u00e3o que me pareceram bastante interessantes. sobre [&hellip;]<\/p>\n","protected":false},"author":1,"featured_media":0,"comment_status":"open","ping_status":"open","sticky":false,"template":"","format":"standard","meta":{"footnotes":""},"categories":[7],"tags":[134,288,296,371,465,524],"class_list":["post-1298","post","type-post","status-publish","format-standard","hentry","category-ler-ver-ouvir-passear","tag-cidadania","tag-habitacao","tag-helena-roseta","tag-lisboa","tag-onde-vais-cidade","tag-porto"],"yoast_head":"<!-- This site is optimized with the Yoast SEO plugin v27.5 - https:\/\/yoast.com\/product\/yoast-seo-wordpress\/ -->\n<title>Onde Vais Cidade - Helena Roseta - Os Meus Apontamentos<\/title>\n<meta name=\"robots\" content=\"index, follow, max-snippet:-1, max-image-preview:large, max-video-preview:-1\" \/>\n<link rel=\"canonical\" href=\"https:\/\/osmeusapontamentos.com\/index.php\/2009\/02\/27\/onde-vais-cidade-helena-roseta\/\" \/>\n<meta property=\"og:locale\" content=\"pt_PT\" \/>\n<meta property=\"og:type\" content=\"article\" \/>\n<meta property=\"og:title\" content=\"Onde Vais Cidade - Helena Roseta - Os Meus Apontamentos\" \/>\n<meta property=\"og:description\" content=\"Aqui ficam as minhas notas em rela\u00e7\u00e3o \u00e0 interven\u00e7\u00e3o de Helena Roseta no dia 21-fev-2008 a no f\u00f3rum &#8220;Onde vais cidade?&#8221; Na altura gravei as interven\u00e7\u00f5es de todos mas a qualidade da grava\u00e7\u00e3o ficou muito m\u00e1 pelo que n\u00e3o vou conseguir disponibiliz\u00e1-la. Sendo assim transcrevi 2 partes da interven\u00e7\u00e3o que me pareceram bastante interessantes. sobre [&hellip;]\" \/>\n<meta property=\"og:url\" content=\"https:\/\/osmeusapontamentos.com\/index.php\/2009\/02\/27\/onde-vais-cidade-helena-roseta\/\" \/>\n<meta property=\"og:site_name\" content=\"Os Meus Apontamentos\" \/>\n<meta property=\"article:published_time\" content=\"2009-02-27T12:06:37+00:00\" \/>\n<meta name=\"author\" content=\"Vitor Silva\" \/>\n<meta name=\"twitter:card\" content=\"summary_large_image\" \/>\n<meta name=\"twitter:creator\" content=\"@vitorsilva\" \/>\n<meta name=\"twitter:site\" content=\"@vitorsilva\" \/>\n<meta name=\"twitter:label1\" content=\"Escrito por\" \/>\n\t<meta name=\"twitter:data1\" content=\"Vitor Silva\" \/>\n\t<meta name=\"twitter:label2\" content=\"Tempo estimado de leitura\" \/>\n\t<meta name=\"twitter:data2\" content=\"4 minutos\" \/>\n<script type=\"application\/ld+json\" class=\"yoast-schema-graph\">{\"@context\":\"https:\\\/\\\/schema.org\",\"@graph\":[{\"@type\":\"Article\",\"@id\":\"https:\\\/\\\/osmeusapontamentos.com\\\/index.php\\\/2009\\\/02\\\/27\\\/onde-vais-cidade-helena-roseta\\\/#article\",\"isPartOf\":{\"@id\":\"https:\\\/\\\/osmeusapontamentos.com\\\/index.php\\\/2009\\\/02\\\/27\\\/onde-vais-cidade-helena-roseta\\\/\"},\"author\":{\"name\":\"Vitor Silva\",\"@id\":\"https:\\\/\\\/osmeusapontamentos.com\\\/#\\\/schema\\\/person\\\/d508df9c3ffc8b4e64a18dbf0ba18dd8\"},\"headline\":\"Onde Vais Cidade &#8211; Helena Roseta\",\"datePublished\":\"2009-02-27T12:06:37+00:00\",\"mainEntityOfPage\":{\"@id\":\"https:\\\/\\\/osmeusapontamentos.com\\\/index.php\\\/2009\\\/02\\\/27\\\/onde-vais-cidade-helena-roseta\\\/\"},\"wordCount\":873,\"commentCount\":0,\"publisher\":{\"@id\":\"https:\\\/\\\/osmeusapontamentos.com\\\/#\\\/schema\\\/person\\\/d508df9c3ffc8b4e64a18dbf0ba18dd8\"},\"keywords\":[\"cidadania\",\"habita\u00e7\u00e3o\",\"helena roseta\",\"lisboa\",\"onde vais cidade\",\"porto\"],\"articleSection\":[\"Ler\\\/ Ver\\\/ Ouvir\\\/ Passear\"],\"inLanguage\":\"pt-PT\",\"potentialAction\":[{\"@type\":\"CommentAction\",\"name\":\"Comment\",\"target\":[\"https:\\\/\\\/osmeusapontamentos.com\\\/index.php\\\/2009\\\/02\\\/27\\\/onde-vais-cidade-helena-roseta\\\/#respond\"]}]},{\"@type\":\"WebPage\",\"@id\":\"https:\\\/\\\/osmeusapontamentos.com\\\/index.php\\\/2009\\\/02\\\/27\\\/onde-vais-cidade-helena-roseta\\\/\",\"url\":\"https:\\\/\\\/osmeusapontamentos.com\\\/index.php\\\/2009\\\/02\\\/27\\\/onde-vais-cidade-helena-roseta\\\/\",\"name\":\"Onde Vais Cidade - Helena Roseta - Os Meus Apontamentos\",\"isPartOf\":{\"@id\":\"https:\\\/\\\/osmeusapontamentos.com\\\/#website\"},\"datePublished\":\"2009-02-27T12:06:37+00:00\",\"breadcrumb\":{\"@id\":\"https:\\\/\\\/osmeusapontamentos.com\\\/index.php\\\/2009\\\/02\\\/27\\\/onde-vais-cidade-helena-roseta\\\/#breadcrumb\"},\"inLanguage\":\"pt-PT\",\"potentialAction\":[{\"@type\":\"ReadAction\",\"target\":[\"https:\\\/\\\/osmeusapontamentos.com\\\/index.php\\\/2009\\\/02\\\/27\\\/onde-vais-cidade-helena-roseta\\\/\"]}]},{\"@type\":\"BreadcrumbList\",\"@id\":\"https:\\\/\\\/osmeusapontamentos.com\\\/index.php\\\/2009\\\/02\\\/27\\\/onde-vais-cidade-helena-roseta\\\/#breadcrumb\",\"itemListElement\":[{\"@type\":\"ListItem\",\"position\":1,\"name\":\"In\u00edcio\",\"item\":\"https:\\\/\\\/osmeusapontamentos.com\\\/\"},{\"@type\":\"ListItem\",\"position\":2,\"name\":\"Onde Vais Cidade &#8211; Helena Roseta\"}]},{\"@type\":\"WebSite\",\"@id\":\"https:\\\/\\\/osmeusapontamentos.com\\\/#website\",\"url\":\"https:\\\/\\\/osmeusapontamentos.com\\\/\",\"name\":\"Os Meus Apontamentos\",\"description\":\"\",\"publisher\":{\"@id\":\"https:\\\/\\\/osmeusapontamentos.com\\\/#\\\/schema\\\/person\\\/d508df9c3ffc8b4e64a18dbf0ba18dd8\"},\"potentialAction\":[{\"@type\":\"SearchAction\",\"target\":{\"@type\":\"EntryPoint\",\"urlTemplate\":\"https:\\\/\\\/osmeusapontamentos.com\\\/?s={search_term_string}\"},\"query-input\":{\"@type\":\"PropertyValueSpecification\",\"valueRequired\":true,\"valueName\":\"search_term_string\"}}],\"inLanguage\":\"pt-PT\"},{\"@type\":[\"Person\",\"Organization\"],\"@id\":\"https:\\\/\\\/osmeusapontamentos.com\\\/#\\\/schema\\\/person\\\/d508df9c3ffc8b4e64a18dbf0ba18dd8\",\"name\":\"Vitor Silva\",\"image\":{\"@type\":\"ImageObject\",\"inLanguage\":\"pt-PT\",\"@id\":\"https:\\\/\\\/secure.gravatar.com\\\/avatar\\\/f81f58ad909e8a213ab0a690f6ed65e5c0e0e2274bf35ac49ff31d7988d483ce?s=96&d=mm&r=g\",\"url\":\"https:\\\/\\\/secure.gravatar.com\\\/avatar\\\/f81f58ad909e8a213ab0a690f6ed65e5c0e0e2274bf35ac49ff31d7988d483ce?s=96&d=mm&r=g\",\"contentUrl\":\"https:\\\/\\\/secure.gravatar.com\\\/avatar\\\/f81f58ad909e8a213ab0a690f6ed65e5c0e0e2274bf35ac49ff31d7988d483ce?s=96&d=mm&r=g\",\"caption\":\"Vitor Silva\"},\"logo\":{\"@id\":\"https:\\\/\\\/secure.gravatar.com\\\/avatar\\\/f81f58ad909e8a213ab0a690f6ed65e5c0e0e2274bf35ac49ff31d7988d483ce?s=96&d=mm&r=g\"},\"sameAs\":[\"https:\\\/\\\/www.linkedin.com\\\/in\\\/vitormrsilva\",\"https:\\\/\\\/x.com\\\/vitorsilva\"]}]}<\/script>\n<!-- \/ Yoast SEO plugin. -->","yoast_head_json":{"title":"Onde Vais Cidade - Helena Roseta - Os Meus Apontamentos","robots":{"index":"index","follow":"follow","max-snippet":"max-snippet:-1","max-image-preview":"max-image-preview:large","max-video-preview":"max-video-preview:-1"},"canonical":"https:\/\/osmeusapontamentos.com\/index.php\/2009\/02\/27\/onde-vais-cidade-helena-roseta\/","og_locale":"pt_PT","og_type":"article","og_title":"Onde Vais Cidade - Helena Roseta - Os Meus Apontamentos","og_description":"Aqui ficam as minhas notas em rela\u00e7\u00e3o \u00e0 interven\u00e7\u00e3o de Helena Roseta no dia 21-fev-2008 a no f\u00f3rum &#8220;Onde vais cidade?&#8221; Na altura gravei as interven\u00e7\u00f5es de todos mas a qualidade da grava\u00e7\u00e3o ficou muito m\u00e1 pelo que n\u00e3o vou conseguir disponibiliz\u00e1-la. Sendo assim transcrevi 2 partes da interven\u00e7\u00e3o que me pareceram bastante interessantes. sobre [&hellip;]","og_url":"https:\/\/osmeusapontamentos.com\/index.php\/2009\/02\/27\/onde-vais-cidade-helena-roseta\/","og_site_name":"Os Meus Apontamentos","article_published_time":"2009-02-27T12:06:37+00:00","author":"Vitor Silva","twitter_card":"summary_large_image","twitter_creator":"@vitorsilva","twitter_site":"@vitorsilva","twitter_misc":{"Escrito por":"Vitor Silva","Tempo estimado de leitura":"4 minutos"},"schema":{"@context":"https:\/\/schema.org","@graph":[{"@type":"Article","@id":"https:\/\/osmeusapontamentos.com\/index.php\/2009\/02\/27\/onde-vais-cidade-helena-roseta\/#article","isPartOf":{"@id":"https:\/\/osmeusapontamentos.com\/index.php\/2009\/02\/27\/onde-vais-cidade-helena-roseta\/"},"author":{"name":"Vitor Silva","@id":"https:\/\/osmeusapontamentos.com\/#\/schema\/person\/d508df9c3ffc8b4e64a18dbf0ba18dd8"},"headline":"Onde Vais Cidade &#8211; Helena Roseta","datePublished":"2009-02-27T12:06:37+00:00","mainEntityOfPage":{"@id":"https:\/\/osmeusapontamentos.com\/index.php\/2009\/02\/27\/onde-vais-cidade-helena-roseta\/"},"wordCount":873,"commentCount":0,"publisher":{"@id":"https:\/\/osmeusapontamentos.com\/#\/schema\/person\/d508df9c3ffc8b4e64a18dbf0ba18dd8"},"keywords":["cidadania","habita\u00e7\u00e3o","helena roseta","lisboa","onde vais cidade","porto"],"articleSection":["Ler\/ Ver\/ Ouvir\/ Passear"],"inLanguage":"pt-PT","potentialAction":[{"@type":"CommentAction","name":"Comment","target":["https:\/\/osmeusapontamentos.com\/index.php\/2009\/02\/27\/onde-vais-cidade-helena-roseta\/#respond"]}]},{"@type":"WebPage","@id":"https:\/\/osmeusapontamentos.com\/index.php\/2009\/02\/27\/onde-vais-cidade-helena-roseta\/","url":"https:\/\/osmeusapontamentos.com\/index.php\/2009\/02\/27\/onde-vais-cidade-helena-roseta\/","name":"Onde Vais Cidade - Helena Roseta - Os Meus Apontamentos","isPartOf":{"@id":"https:\/\/osmeusapontamentos.com\/#website"},"datePublished":"2009-02-27T12:06:37+00:00","breadcrumb":{"@id":"https:\/\/osmeusapontamentos.com\/index.php\/2009\/02\/27\/onde-vais-cidade-helena-roseta\/#breadcrumb"},"inLanguage":"pt-PT","potentialAction":[{"@type":"ReadAction","target":["https:\/\/osmeusapontamentos.com\/index.php\/2009\/02\/27\/onde-vais-cidade-helena-roseta\/"]}]},{"@type":"BreadcrumbList","@id":"https:\/\/osmeusapontamentos.com\/index.php\/2009\/02\/27\/onde-vais-cidade-helena-roseta\/#breadcrumb","itemListElement":[{"@type":"ListItem","position":1,"name":"In\u00edcio","item":"https:\/\/osmeusapontamentos.com\/"},{"@type":"ListItem","position":2,"name":"Onde Vais Cidade &#8211; Helena Roseta"}]},{"@type":"WebSite","@id":"https:\/\/osmeusapontamentos.com\/#website","url":"https:\/\/osmeusapontamentos.com\/","name":"Os Meus Apontamentos","description":"","publisher":{"@id":"https:\/\/osmeusapontamentos.com\/#\/schema\/person\/d508df9c3ffc8b4e64a18dbf0ba18dd8"},"potentialAction":[{"@type":"SearchAction","target":{"@type":"EntryPoint","urlTemplate":"https:\/\/osmeusapontamentos.com\/?s={search_term_string}"},"query-input":{"@type":"PropertyValueSpecification","valueRequired":true,"valueName":"search_term_string"}}],"inLanguage":"pt-PT"},{"@type":["Person","Organization"],"@id":"https:\/\/osmeusapontamentos.com\/#\/schema\/person\/d508df9c3ffc8b4e64a18dbf0ba18dd8","name":"Vitor Silva","image":{"@type":"ImageObject","inLanguage":"pt-PT","@id":"https:\/\/secure.gravatar.com\/avatar\/f81f58ad909e8a213ab0a690f6ed65e5c0e0e2274bf35ac49ff31d7988d483ce?s=96&d=mm&r=g","url":"https:\/\/secure.gravatar.com\/avatar\/f81f58ad909e8a213ab0a690f6ed65e5c0e0e2274bf35ac49ff31d7988d483ce?s=96&d=mm&r=g","contentUrl":"https:\/\/secure.gravatar.com\/avatar\/f81f58ad909e8a213ab0a690f6ed65e5c0e0e2274bf35ac49ff31d7988d483ce?s=96&d=mm&r=g","caption":"Vitor Silva"},"logo":{"@id":"https:\/\/secure.gravatar.com\/avatar\/f81f58ad909e8a213ab0a690f6ed65e5c0e0e2274bf35ac49ff31d7988d483ce?s=96&d=mm&r=g"},"sameAs":["https:\/\/www.linkedin.com\/in\/vitormrsilva","https:\/\/x.com\/vitorsilva"]}]}},"_links":{"self":[{"href":"https:\/\/osmeusapontamentos.com\/index.php\/wp-json\/wp\/v2\/posts\/1298","targetHints":{"allow":["GET"]}}],"collection":[{"href":"https:\/\/osmeusapontamentos.com\/index.php\/wp-json\/wp\/v2\/posts"}],"about":[{"href":"https:\/\/osmeusapontamentos.com\/index.php\/wp-json\/wp\/v2\/types\/post"}],"author":[{"embeddable":true,"href":"https:\/\/osmeusapontamentos.com\/index.php\/wp-json\/wp\/v2\/users\/1"}],"replies":[{"embeddable":true,"href":"https:\/\/osmeusapontamentos.com\/index.php\/wp-json\/wp\/v2\/comments?post=1298"}],"version-history":[{"count":0,"href":"https:\/\/osmeusapontamentos.com\/index.php\/wp-json\/wp\/v2\/posts\/1298\/revisions"}],"wp:attachment":[{"href":"https:\/\/osmeusapontamentos.com\/index.php\/wp-json\/wp\/v2\/media?parent=1298"}],"wp:term":[{"taxonomy":"category","embeddable":true,"href":"https:\/\/osmeusapontamentos.com\/index.php\/wp-json\/wp\/v2\/categories?post=1298"},{"taxonomy":"post_tag","embeddable":true,"href":"https:\/\/osmeusapontamentos.com\/index.php\/wp-json\/wp\/v2\/tags?post=1298"}],"curies":[{"name":"wp","href":"https:\/\/api.w.org\/{rel}","templated":true}]}}