{"id":1295,"date":"2009-02-26T11:59:08","date_gmt":"2009-02-26T11:59:08","guid":{"rendered":"http:\/\/osmeusapontamentos.com\/?p=1295"},"modified":"2009-02-26T11:59:08","modified_gmt":"2009-02-26T11:59:08","slug":"onde-vais-cidade-jose-machado-castro","status":"publish","type":"post","link":"https:\/\/osmeusapontamentos.com\/index.php\/2009\/02\/26\/onde-vais-cidade-jose-machado-castro\/","title":{"rendered":"Onde Vais Cidade &#8211; Jos\u00e9 Machado Castro"},"content":{"rendered":"<div id=\"__ss_1065751\" style=\"width: 425px; text-align: left;\"><a style=\"font: 14px Helvetica,Arial,Sans-serif; display: block; margin: 12px 0 3px 0; text-decoration: underline;\" title=\"Forum Onde Vais Cidade - Habita\u00e7\u00e3o No Porto\" href=\"http:\/\/www.slideshare.net\/vitor.silva\/forum-onde-vais-cidade-habitao-no-porto?type=powerpoint\">Forum Onde Vais Cidade &#8211; Habita\u00e7\u00e3o No Porto<\/a><object classid=\"clsid:d27cdb6e-ae6d-11cf-96b8-444553540000\" width=\"425\" height=\"355\" codebase=\"http:\/\/download.macromedia.com\/pub\/shockwave\/cabs\/flash\/swflash.cab#version=6,0,40,0\"><param name=\"data\" value=\"http:\/\/static.slideshare.net\/swf\/ssplayer2.swf?doc=ForumhabitnoPorto-090224160729-phpapp02&amp;stripped_title=forum-onde-vais-cidade-habitao-no-porto\" \/><param name=\"allowFullScreen\" value=\"true\" \/><param name=\"allowScriptAccess\" value=\"always\" \/><param name=\"src\" value=\"http:\/\/static.slideshare.net\/swf\/ssplayer2.swf?doc=ForumhabitnoPorto-090224160729-phpapp02&amp;stripped_title=forum-onde-vais-cidade-habitao-no-porto\" \/><param name=\"allowfullscreen\" value=\"true\" \/><embed type=\"application\/x-shockwave-flash\" width=\"425\" height=\"355\" src=\"http:\/\/static.slideshare.net\/swf\/ssplayer2.swf?doc=ForumhabitnoPorto-090224160729-phpapp02&amp;stripped_title=forum-onde-vais-cidade-habitao-no-porto\" allowscriptaccess=\"always\" allowfullscreen=\"true\" data=\"http:\/\/static.slideshare.net\/swf\/ssplayer2.swf?doc=ForumhabitnoPorto-090224160729-phpapp02&amp;stripped_title=forum-onde-vais-cidade-habitao-no-porto\"><\/embed><\/object><\/p>\n<div style=\"font-size: 11px; font-family: tahoma,arial; height: 26px; padding-top: 2px;\">View more <a style=\"text-decoration: underline;\" href=\"http:\/\/www.slideshare.net\/\">presentations<\/a> from <a style=\"text-decoration: underline;\" href=\"http:\/\/www.slideshare.net\/vitor.silva\">Vitor Silva<\/a>. (tags: <a style=\"text-decoration: underline;\" href=\"http:\/\/slideshare.net\/tag\/porto\">porto<\/a> <a style=\"text-decoration: underline;\" href=\"http:\/\/slideshare.net\/tag\/habita\u00e7\u00e3o\">habita\u00e7\u00e3o<\/a>)<\/div>\n<\/div>\n<p>Aqui ficam as minhas notas em rela\u00e7\u00e3o \u00e0 interven\u00e7\u00e3o de <a href=\"http:\/\/www.oportoemconversa.com\/2010\/02\/14\/representantes-do-porto-jose-castro-be\/\">Jos\u00e9 Machado Castro<\/a> no dia 21-fev-2008 a no f\u00f3rum &#8220;<a href=\"http:\/\/www.petitiononline.com\/forumprt\/petition.html\">Onde vais cidade?<\/a>&#8221;<\/p>\n<ul>\n<li>habita\u00e7\u00e3o no porto ou a cidade dos que s\u00e3o for\u00e7ados a partir<\/li>\n<li>entre 15000 \/ 20000 sem alojamento condigno<\/li>\n<li>a partir de 2001 deixou de haver oferta p\u00fablica de habita\u00e7\u00e3o<\/li>\n<li>essa oferta poderia servir tamb\u00e9m como regulador do mercado<\/li>\n<li>prohabita foi projectado para realojar pessoas mas foi usado para recupera\u00e7\u00e3o<\/li>\n<li>os pobres n\u00e3o t\u00eam direito a viver no centro da cidade.<\/li>\n<li>perspectiva hist\u00f3rica da habita\u00e7\u00e3o<\/li>\n<li>ilhas &#8211; resposta espec\u00edfica da cidade do porto<\/li>\n<li>tuberculose =&gt; m\u00e1s condi\u00e7\u00f5es de habita\u00e7\u00e3o<\/li>\n<\/ul>\n<p>a prop\u00f3sito da quest\u00e3o da tuberculose numa r\u00e1pida pesquisa no google encontrei a refer\u00eancia ao seguinte trabalho &#8220;1903, A. Garrett, \u00abTuberculose e habita\u00e7\u00e3o no Porto\u00bb&#8221; em &#8220;<a href=\"http:\/\/analisesocial.ics.ul.pt\/documentos\/1223377379T2hXG0aa5Rv09QL3.pdf\">Os bairros sociais no espa\u00e7o urbano do Porto: 1901-1956<\/a>&#8220;<\/p>\n","protected":false},"excerpt":{"rendered":"<p>Forum Onde Vais Cidade &#8211; Habita\u00e7\u00e3o No Porto View more presentations from Vitor Silva. (tags: porto habita\u00e7\u00e3o) Aqui ficam as minhas notas em rela\u00e7\u00e3o \u00e0 interven\u00e7\u00e3o de Jos\u00e9 Machado Castro no dia 21-fev-2008 a no f\u00f3rum &#8220;Onde vais cidade?&#8221; habita\u00e7\u00e3o no porto ou a cidade dos que s\u00e3o for\u00e7ados a partir entre 15000 \/ 20000 [&hellip;]<\/p>\n","protected":false},"author":1,"featured_media":0,"comment_status":"open","ping_status":"open","sticky":false,"template":"","format":"standard","meta":{"footnotes":""},"categories":[7],"tags":[288,347,465,524],"class_list":["post-1295","post","type-post","status-publish","format-standard","hentry","category-ler-ver-ouvir-passear","tag-habitacao","tag-jose-machado-castro","tag-onde-vais-cidade","tag-porto"],"yoast_head":"<!-- This site is optimized with the Yoast SEO plugin v27.5 - https:\/\/yoast.com\/product\/yoast-seo-wordpress\/ -->\n<title>Onde Vais Cidade - Jos\u00e9 Machado Castro - Os Meus Apontamentos<\/title>\n<meta name=\"robots\" content=\"index, follow, max-snippet:-1, max-image-preview:large, max-video-preview:-1\" \/>\n<link rel=\"canonical\" href=\"https:\/\/osmeusapontamentos.com\/index.php\/2009\/02\/26\/onde-vais-cidade-jose-machado-castro\/\" \/>\n<meta property=\"og:locale\" content=\"pt_PT\" \/>\n<meta property=\"og:type\" content=\"article\" \/>\n<meta property=\"og:title\" content=\"Onde Vais Cidade - Jos\u00e9 Machado Castro - Os Meus Apontamentos\" \/>\n<meta property=\"og:description\" content=\"Forum Onde Vais Cidade &#8211; Habita\u00e7\u00e3o No Porto View more presentations from Vitor Silva. (tags: porto habita\u00e7\u00e3o) Aqui ficam as minhas notas em rela\u00e7\u00e3o \u00e0 interven\u00e7\u00e3o de Jos\u00e9 Machado Castro no dia 21-fev-2008 a no f\u00f3rum &#8220;Onde vais cidade?&#8221; habita\u00e7\u00e3o no porto ou a cidade dos que s\u00e3o for\u00e7ados a partir entre 15000 \/ 20000 [&hellip;]\" \/>\n<meta property=\"og:url\" content=\"https:\/\/osmeusapontamentos.com\/index.php\/2009\/02\/26\/onde-vais-cidade-jose-machado-castro\/\" \/>\n<meta property=\"og:site_name\" content=\"Os Meus Apontamentos\" \/>\n<meta property=\"article:published_time\" content=\"2009-02-26T11:59:08+00:00\" \/>\n<meta name=\"author\" content=\"Vitor Silva\" \/>\n<meta name=\"twitter:card\" content=\"summary_large_image\" \/>\n<meta name=\"twitter:creator\" content=\"@vitorsilva\" \/>\n<meta name=\"twitter:site\" content=\"@vitorsilva\" \/>\n<meta name=\"twitter:label1\" content=\"Escrito por\" \/>\n\t<meta name=\"twitter:data1\" content=\"Vitor Silva\" \/>\n\t<meta name=\"twitter:label2\" content=\"Tempo estimado de leitura\" \/>\n\t<meta name=\"twitter:data2\" content=\"1 minuto\" \/>\n<script type=\"application\/ld+json\" class=\"yoast-schema-graph\">{\"@context\":\"https:\\\/\\\/schema.org\",\"@graph\":[{\"@type\":\"Article\",\"@id\":\"https:\\\/\\\/osmeusapontamentos.com\\\/index.php\\\/2009\\\/02\\\/26\\\/onde-vais-cidade-jose-machado-castro\\\/#article\",\"isPartOf\":{\"@id\":\"https:\\\/\\\/osmeusapontamentos.com\\\/index.php\\\/2009\\\/02\\\/26\\\/onde-vais-cidade-jose-machado-castro\\\/\"},\"author\":{\"name\":\"Vitor Silva\",\"@id\":\"https:\\\/\\\/osmeusapontamentos.com\\\/#\\\/schema\\\/person\\\/d508df9c3ffc8b4e64a18dbf0ba18dd8\"},\"headline\":\"Onde Vais Cidade &#8211; Jos\u00e9 Machado Castro\",\"datePublished\":\"2009-02-26T11:59:08+00:00\",\"mainEntityOfPage\":{\"@id\":\"https:\\\/\\\/osmeusapontamentos.com\\\/index.php\\\/2009\\\/02\\\/26\\\/onde-vais-cidade-jose-machado-castro\\\/\"},\"wordCount\":180,\"commentCount\":0,\"publisher\":{\"@id\":\"https:\\\/\\\/osmeusapontamentos.com\\\/#\\\/schema\\\/person\\\/d508df9c3ffc8b4e64a18dbf0ba18dd8\"},\"keywords\":[\"habita\u00e7\u00e3o\",\"jos\u00e9 machado castro\",\"onde vais cidade\",\"porto\"],\"articleSection\":[\"Ler\\\/ Ver\\\/ Ouvir\\\/ Passear\"],\"inLanguage\":\"pt-PT\",\"potentialAction\":[{\"@type\":\"CommentAction\",\"name\":\"Comment\",\"target\":[\"https:\\\/\\\/osmeusapontamentos.com\\\/index.php\\\/2009\\\/02\\\/26\\\/onde-vais-cidade-jose-machado-castro\\\/#respond\"]}]},{\"@type\":\"WebPage\",\"@id\":\"https:\\\/\\\/osmeusapontamentos.com\\\/index.php\\\/2009\\\/02\\\/26\\\/onde-vais-cidade-jose-machado-castro\\\/\",\"url\":\"https:\\\/\\\/osmeusapontamentos.com\\\/index.php\\\/2009\\\/02\\\/26\\\/onde-vais-cidade-jose-machado-castro\\\/\",\"name\":\"Onde Vais Cidade - Jos\u00e9 Machado Castro - Os Meus Apontamentos\",\"isPartOf\":{\"@id\":\"https:\\\/\\\/osmeusapontamentos.com\\\/#website\"},\"datePublished\":\"2009-02-26T11:59:08+00:00\",\"breadcrumb\":{\"@id\":\"https:\\\/\\\/osmeusapontamentos.com\\\/index.php\\\/2009\\\/02\\\/26\\\/onde-vais-cidade-jose-machado-castro\\\/#breadcrumb\"},\"inLanguage\":\"pt-PT\",\"potentialAction\":[{\"@type\":\"ReadAction\",\"target\":[\"https:\\\/\\\/osmeusapontamentos.com\\\/index.php\\\/2009\\\/02\\\/26\\\/onde-vais-cidade-jose-machado-castro\\\/\"]}]},{\"@type\":\"BreadcrumbList\",\"@id\":\"https:\\\/\\\/osmeusapontamentos.com\\\/index.php\\\/2009\\\/02\\\/26\\\/onde-vais-cidade-jose-machado-castro\\\/#breadcrumb\",\"itemListElement\":[{\"@type\":\"ListItem\",\"position\":1,\"name\":\"In\u00edcio\",\"item\":\"https:\\\/\\\/osmeusapontamentos.com\\\/\"},{\"@type\":\"ListItem\",\"position\":2,\"name\":\"Onde Vais Cidade &#8211; Jos\u00e9 Machado Castro\"}]},{\"@type\":\"WebSite\",\"@id\":\"https:\\\/\\\/osmeusapontamentos.com\\\/#website\",\"url\":\"https:\\\/\\\/osmeusapontamentos.com\\\/\",\"name\":\"Os Meus Apontamentos\",\"description\":\"\",\"publisher\":{\"@id\":\"https:\\\/\\\/osmeusapontamentos.com\\\/#\\\/schema\\\/person\\\/d508df9c3ffc8b4e64a18dbf0ba18dd8\"},\"potentialAction\":[{\"@type\":\"SearchAction\",\"target\":{\"@type\":\"EntryPoint\",\"urlTemplate\":\"https:\\\/\\\/osmeusapontamentos.com\\\/?s={search_term_string}\"},\"query-input\":{\"@type\":\"PropertyValueSpecification\",\"valueRequired\":true,\"valueName\":\"search_term_string\"}}],\"inLanguage\":\"pt-PT\"},{\"@type\":[\"Person\",\"Organization\"],\"@id\":\"https:\\\/\\\/osmeusapontamentos.com\\\/#\\\/schema\\\/person\\\/d508df9c3ffc8b4e64a18dbf0ba18dd8\",\"name\":\"Vitor Silva\",\"image\":{\"@type\":\"ImageObject\",\"inLanguage\":\"pt-PT\",\"@id\":\"https:\\\/\\\/secure.gravatar.com\\\/avatar\\\/f81f58ad909e8a213ab0a690f6ed65e5c0e0e2274bf35ac49ff31d7988d483ce?s=96&d=mm&r=g\",\"url\":\"https:\\\/\\\/secure.gravatar.com\\\/avatar\\\/f81f58ad909e8a213ab0a690f6ed65e5c0e0e2274bf35ac49ff31d7988d483ce?s=96&d=mm&r=g\",\"contentUrl\":\"https:\\\/\\\/secure.gravatar.com\\\/avatar\\\/f81f58ad909e8a213ab0a690f6ed65e5c0e0e2274bf35ac49ff31d7988d483ce?s=96&d=mm&r=g\",\"caption\":\"Vitor Silva\"},\"logo\":{\"@id\":\"https:\\\/\\\/secure.gravatar.com\\\/avatar\\\/f81f58ad909e8a213ab0a690f6ed65e5c0e0e2274bf35ac49ff31d7988d483ce?s=96&d=mm&r=g\"},\"sameAs\":[\"https:\\\/\\\/www.linkedin.com\\\/in\\\/vitormrsilva\",\"https:\\\/\\\/x.com\\\/vitorsilva\"]}]}<\/script>\n<!-- \/ Yoast SEO plugin. -->","yoast_head_json":{"title":"Onde Vais Cidade - Jos\u00e9 Machado Castro - Os Meus Apontamentos","robots":{"index":"index","follow":"follow","max-snippet":"max-snippet:-1","max-image-preview":"max-image-preview:large","max-video-preview":"max-video-preview:-1"},"canonical":"https:\/\/osmeusapontamentos.com\/index.php\/2009\/02\/26\/onde-vais-cidade-jose-machado-castro\/","og_locale":"pt_PT","og_type":"article","og_title":"Onde Vais Cidade - Jos\u00e9 Machado Castro - Os Meus Apontamentos","og_description":"Forum Onde Vais Cidade &#8211; Habita\u00e7\u00e3o No Porto View more presentations from Vitor Silva. (tags: porto habita\u00e7\u00e3o) Aqui ficam as minhas notas em rela\u00e7\u00e3o \u00e0 interven\u00e7\u00e3o de Jos\u00e9 Machado Castro no dia 21-fev-2008 a no f\u00f3rum &#8220;Onde vais cidade?&#8221; habita\u00e7\u00e3o no porto ou a cidade dos que s\u00e3o for\u00e7ados a partir entre 15000 \/ 20000 [&hellip;]","og_url":"https:\/\/osmeusapontamentos.com\/index.php\/2009\/02\/26\/onde-vais-cidade-jose-machado-castro\/","og_site_name":"Os Meus Apontamentos","article_published_time":"2009-02-26T11:59:08+00:00","author":"Vitor Silva","twitter_card":"summary_large_image","twitter_creator":"@vitorsilva","twitter_site":"@vitorsilva","twitter_misc":{"Escrito por":"Vitor Silva","Tempo estimado de leitura":"1 minuto"},"schema":{"@context":"https:\/\/schema.org","@graph":[{"@type":"Article","@id":"https:\/\/osmeusapontamentos.com\/index.php\/2009\/02\/26\/onde-vais-cidade-jose-machado-castro\/#article","isPartOf":{"@id":"https:\/\/osmeusapontamentos.com\/index.php\/2009\/02\/26\/onde-vais-cidade-jose-machado-castro\/"},"author":{"name":"Vitor Silva","@id":"https:\/\/osmeusapontamentos.com\/#\/schema\/person\/d508df9c3ffc8b4e64a18dbf0ba18dd8"},"headline":"Onde Vais Cidade &#8211; Jos\u00e9 Machado Castro","datePublished":"2009-02-26T11:59:08+00:00","mainEntityOfPage":{"@id":"https:\/\/osmeusapontamentos.com\/index.php\/2009\/02\/26\/onde-vais-cidade-jose-machado-castro\/"},"wordCount":180,"commentCount":0,"publisher":{"@id":"https:\/\/osmeusapontamentos.com\/#\/schema\/person\/d508df9c3ffc8b4e64a18dbf0ba18dd8"},"keywords":["habita\u00e7\u00e3o","jos\u00e9 machado castro","onde vais cidade","porto"],"articleSection":["Ler\/ Ver\/ Ouvir\/ Passear"],"inLanguage":"pt-PT","potentialAction":[{"@type":"CommentAction","name":"Comment","target":["https:\/\/osmeusapontamentos.com\/index.php\/2009\/02\/26\/onde-vais-cidade-jose-machado-castro\/#respond"]}]},{"@type":"WebPage","@id":"https:\/\/osmeusapontamentos.com\/index.php\/2009\/02\/26\/onde-vais-cidade-jose-machado-castro\/","url":"https:\/\/osmeusapontamentos.com\/index.php\/2009\/02\/26\/onde-vais-cidade-jose-machado-castro\/","name":"Onde Vais Cidade - Jos\u00e9 Machado Castro - Os Meus Apontamentos","isPartOf":{"@id":"https:\/\/osmeusapontamentos.com\/#website"},"datePublished":"2009-02-26T11:59:08+00:00","breadcrumb":{"@id":"https:\/\/osmeusapontamentos.com\/index.php\/2009\/02\/26\/onde-vais-cidade-jose-machado-castro\/#breadcrumb"},"inLanguage":"pt-PT","potentialAction":[{"@type":"ReadAction","target":["https:\/\/osmeusapontamentos.com\/index.php\/2009\/02\/26\/onde-vais-cidade-jose-machado-castro\/"]}]},{"@type":"BreadcrumbList","@id":"https:\/\/osmeusapontamentos.com\/index.php\/2009\/02\/26\/onde-vais-cidade-jose-machado-castro\/#breadcrumb","itemListElement":[{"@type":"ListItem","position":1,"name":"In\u00edcio","item":"https:\/\/osmeusapontamentos.com\/"},{"@type":"ListItem","position":2,"name":"Onde Vais Cidade &#8211; Jos\u00e9 Machado Castro"}]},{"@type":"WebSite","@id":"https:\/\/osmeusapontamentos.com\/#website","url":"https:\/\/osmeusapontamentos.com\/","name":"Os Meus Apontamentos","description":"","publisher":{"@id":"https:\/\/osmeusapontamentos.com\/#\/schema\/person\/d508df9c3ffc8b4e64a18dbf0ba18dd8"},"potentialAction":[{"@type":"SearchAction","target":{"@type":"EntryPoint","urlTemplate":"https:\/\/osmeusapontamentos.com\/?s={search_term_string}"},"query-input":{"@type":"PropertyValueSpecification","valueRequired":true,"valueName":"search_term_string"}}],"inLanguage":"pt-PT"},{"@type":["Person","Organization"],"@id":"https:\/\/osmeusapontamentos.com\/#\/schema\/person\/d508df9c3ffc8b4e64a18dbf0ba18dd8","name":"Vitor Silva","image":{"@type":"ImageObject","inLanguage":"pt-PT","@id":"https:\/\/secure.gravatar.com\/avatar\/f81f58ad909e8a213ab0a690f6ed65e5c0e0e2274bf35ac49ff31d7988d483ce?s=96&d=mm&r=g","url":"https:\/\/secure.gravatar.com\/avatar\/f81f58ad909e8a213ab0a690f6ed65e5c0e0e2274bf35ac49ff31d7988d483ce?s=96&d=mm&r=g","contentUrl":"https:\/\/secure.gravatar.com\/avatar\/f81f58ad909e8a213ab0a690f6ed65e5c0e0e2274bf35ac49ff31d7988d483ce?s=96&d=mm&r=g","caption":"Vitor Silva"},"logo":{"@id":"https:\/\/secure.gravatar.com\/avatar\/f81f58ad909e8a213ab0a690f6ed65e5c0e0e2274bf35ac49ff31d7988d483ce?s=96&d=mm&r=g"},"sameAs":["https:\/\/www.linkedin.com\/in\/vitormrsilva","https:\/\/x.com\/vitorsilva"]}]}},"_links":{"self":[{"href":"https:\/\/osmeusapontamentos.com\/index.php\/wp-json\/wp\/v2\/posts\/1295","targetHints":{"allow":["GET"]}}],"collection":[{"href":"https:\/\/osmeusapontamentos.com\/index.php\/wp-json\/wp\/v2\/posts"}],"about":[{"href":"https:\/\/osmeusapontamentos.com\/index.php\/wp-json\/wp\/v2\/types\/post"}],"author":[{"embeddable":true,"href":"https:\/\/osmeusapontamentos.com\/index.php\/wp-json\/wp\/v2\/users\/1"}],"replies":[{"embeddable":true,"href":"https:\/\/osmeusapontamentos.com\/index.php\/wp-json\/wp\/v2\/comments?post=1295"}],"version-history":[{"count":0,"href":"https:\/\/osmeusapontamentos.com\/index.php\/wp-json\/wp\/v2\/posts\/1295\/revisions"}],"wp:attachment":[{"href":"https:\/\/osmeusapontamentos.com\/index.php\/wp-json\/wp\/v2\/media?parent=1295"}],"wp:term":[{"taxonomy":"category","embeddable":true,"href":"https:\/\/osmeusapontamentos.com\/index.php\/wp-json\/wp\/v2\/categories?post=1295"},{"taxonomy":"post_tag","embeddable":true,"href":"https:\/\/osmeusapontamentos.com\/index.php\/wp-json\/wp\/v2\/tags?post=1295"}],"curies":[{"name":"wp","href":"https:\/\/api.w.org\/{rel}","templated":true}]}}