{"id":1290,"date":"2009-02-24T11:52:30","date_gmt":"2009-02-24T11:52:30","guid":{"rendered":"http:\/\/osmeusapontamentos.com\/?p=1290"},"modified":"2009-02-24T11:52:30","modified_gmt":"2009-02-24T11:52:30","slug":"onde-vais-cidade-manuel-correia-fernandes","status":"publish","type":"post","link":"https:\/\/osmeusapontamentos.com\/index.php\/2009\/02\/24\/onde-vais-cidade-manuel-correia-fernandes\/","title":{"rendered":"Onde Vais Cidade &#8211; Manuel Correia Fernandes"},"content":{"rendered":"<p>Aqui ficam as minhas notas em rela\u00e7\u00e3o \u00e0 interven\u00e7\u00e3o de <a href=\"http:\/\/pt.wikipedia.org\/wiki\/Manuel_Correia_Fernandes \">Manuel Correia Fernandes<\/a> no dia 21-fev-2008 no f\u00f3rum &#8220;<a href=\"http:\/\/www.petitiononline.com\/forumprt\/petition.html\">Onde vais cidade?<\/a>&#8221;<\/p>\n<ul>\n<li>N\u00e3o se consegue organizar um territ\u00f3rio sem um conceito.<\/li>\n<li>A cidade j\u00e1 est\u00e1 feita &#8211; j\u00e1 temos muito contexto. n\u00e3o estamos a criar uma cidade do zero.<\/li>\n<li>Grandes infraestruturas j\u00e1 existem<\/li>\n<li>Provavelmente j\u00e1 somos superavit\u00e1rios em infraestruturas (casa da m\u00fasica, serralves, teatro nacional s\u00e3o jo\u00e3o, coliseu do porto, parque da cidade, biblioteca municipal almeida garret, museu nacional soares dos reis, e mesmo a baixa como equipamento.<\/li>\n<li>Falta funcionamento em rede (desses equipamentos)<\/li>\n<li>Edif\u00edcios em subutiliza\u00e7\u00e3o<\/li>\n<li>Sobre a ideia do centro de congressos no pal\u00e1cio<br \/>\n=&gt; ao lado de um jardim que n\u00e3o est\u00e1 mas deveria estar classificado<br \/>\n=&gt; porque n\u00e3o por exemplo a alf\u00e2ndega?<\/li>\n<li>Habita\u00e7\u00e3o =&gt; tecido que constitui a cidade<\/li>\n<li>Viver colectivamente =&gt; exemplo: produ\u00e7\u00e3o de \u00e1gua quente<\/li>\n<li>Faltam pequenos equipamentos \/ equipamentos de proximidade<\/li>\n<li>Usar como escala territorial aquilo que uma pessoa consegue andar a p\u00e9<\/li>\n<li>Espa\u00e7o p\u00fablico n\u00e3o \u00e9 concebido como uma extens\u00e3o da habita\u00e7\u00e3o<\/li>\n<li>N\u00e3o h\u00e1 espa\u00e7os de encontro<\/li>\n<li>Desenho do espa\u00e7o p\u00fablico limita-se ao planeamento de loteamentos.<\/li>\n<\/ul>\n","protected":false},"excerpt":{"rendered":"<p>Aqui ficam as minhas notas em rela\u00e7\u00e3o \u00e0 interven\u00e7\u00e3o de Manuel Correia Fernandes no dia 21-fev-2008 no f\u00f3rum &#8220;Onde vais cidade?&#8221; N\u00e3o se consegue organizar um territ\u00f3rio sem um conceito. A cidade j\u00e1 est\u00e1 feita &#8211; j\u00e1 temos muito contexto. n\u00e3o estamos a criar uma cidade do zero. Grandes infraestruturas j\u00e1 existem Provavelmente j\u00e1 somos [&hellip;]<\/p>\n","protected":false},"author":1,"featured_media":0,"comment_status":"open","ping_status":"open","sticky":false,"template":"","format":"standard","meta":{"footnotes":""},"categories":[7],"tags":[387,465,524],"class_list":["post-1290","post","type-post","status-publish","format-standard","hentry","category-ler-ver-ouvir-passear","tag-manuel-correia-fernandes","tag-onde-vais-cidade","tag-porto"],"yoast_head":"<!-- This site is optimized with the Yoast SEO plugin v27.5 - https:\/\/yoast.com\/product\/yoast-seo-wordpress\/ -->\n<title>Onde Vais Cidade - Manuel Correia Fernandes - Os Meus Apontamentos<\/title>\n<meta name=\"robots\" content=\"index, follow, max-snippet:-1, max-image-preview:large, max-video-preview:-1\" \/>\n<link rel=\"canonical\" href=\"https:\/\/osmeusapontamentos.com\/index.php\/2009\/02\/24\/onde-vais-cidade-manuel-correia-fernandes\/\" \/>\n<meta property=\"og:locale\" content=\"pt_PT\" \/>\n<meta property=\"og:type\" content=\"article\" \/>\n<meta property=\"og:title\" content=\"Onde Vais Cidade - Manuel Correia Fernandes - Os Meus Apontamentos\" \/>\n<meta property=\"og:description\" content=\"Aqui ficam as minhas notas em rela\u00e7\u00e3o \u00e0 interven\u00e7\u00e3o de Manuel Correia Fernandes no dia 21-fev-2008 no f\u00f3rum &#8220;Onde vais cidade?&#8221; N\u00e3o se consegue organizar um territ\u00f3rio sem um conceito. A cidade j\u00e1 est\u00e1 feita &#8211; j\u00e1 temos muito contexto. n\u00e3o estamos a criar uma cidade do zero. Grandes infraestruturas j\u00e1 existem Provavelmente j\u00e1 somos [&hellip;]\" \/>\n<meta property=\"og:url\" content=\"https:\/\/osmeusapontamentos.com\/index.php\/2009\/02\/24\/onde-vais-cidade-manuel-correia-fernandes\/\" \/>\n<meta property=\"og:site_name\" content=\"Os Meus Apontamentos\" \/>\n<meta property=\"article:published_time\" content=\"2009-02-24T11:52:30+00:00\" \/>\n<meta name=\"author\" content=\"Vitor Silva\" \/>\n<meta name=\"twitter:card\" content=\"summary_large_image\" \/>\n<meta name=\"twitter:creator\" content=\"@vitorsilva\" \/>\n<meta name=\"twitter:site\" content=\"@vitorsilva\" \/>\n<meta name=\"twitter:label1\" content=\"Escrito por\" \/>\n\t<meta name=\"twitter:data1\" content=\"Vitor Silva\" \/>\n\t<meta name=\"twitter:label2\" content=\"Tempo estimado de leitura\" \/>\n\t<meta name=\"twitter:data2\" content=\"1 minuto\" \/>\n<script type=\"application\/ld+json\" class=\"yoast-schema-graph\">{\"@context\":\"https:\\\/\\\/schema.org\",\"@graph\":[{\"@type\":\"Article\",\"@id\":\"https:\\\/\\\/osmeusapontamentos.com\\\/index.php\\\/2009\\\/02\\\/24\\\/onde-vais-cidade-manuel-correia-fernandes\\\/#article\",\"isPartOf\":{\"@id\":\"https:\\\/\\\/osmeusapontamentos.com\\\/index.php\\\/2009\\\/02\\\/24\\\/onde-vais-cidade-manuel-correia-fernandes\\\/\"},\"author\":{\"name\":\"Vitor Silva\",\"@id\":\"https:\\\/\\\/osmeusapontamentos.com\\\/#\\\/schema\\\/person\\\/d508df9c3ffc8b4e64a18dbf0ba18dd8\"},\"headline\":\"Onde Vais Cidade &#8211; Manuel Correia Fernandes\",\"datePublished\":\"2009-02-24T11:52:30+00:00\",\"mainEntityOfPage\":{\"@id\":\"https:\\\/\\\/osmeusapontamentos.com\\\/index.php\\\/2009\\\/02\\\/24\\\/onde-vais-cidade-manuel-correia-fernandes\\\/\"},\"wordCount\":214,\"commentCount\":0,\"publisher\":{\"@id\":\"https:\\\/\\\/osmeusapontamentos.com\\\/#\\\/schema\\\/person\\\/d508df9c3ffc8b4e64a18dbf0ba18dd8\"},\"keywords\":[\"manuel correia fernandes\",\"onde vais cidade\",\"porto\"],\"articleSection\":[\"Ler\\\/ Ver\\\/ Ouvir\\\/ Passear\"],\"inLanguage\":\"pt-PT\",\"potentialAction\":[{\"@type\":\"CommentAction\",\"name\":\"Comment\",\"target\":[\"https:\\\/\\\/osmeusapontamentos.com\\\/index.php\\\/2009\\\/02\\\/24\\\/onde-vais-cidade-manuel-correia-fernandes\\\/#respond\"]}]},{\"@type\":\"WebPage\",\"@id\":\"https:\\\/\\\/osmeusapontamentos.com\\\/index.php\\\/2009\\\/02\\\/24\\\/onde-vais-cidade-manuel-correia-fernandes\\\/\",\"url\":\"https:\\\/\\\/osmeusapontamentos.com\\\/index.php\\\/2009\\\/02\\\/24\\\/onde-vais-cidade-manuel-correia-fernandes\\\/\",\"name\":\"Onde Vais Cidade - Manuel Correia Fernandes - Os Meus Apontamentos\",\"isPartOf\":{\"@id\":\"https:\\\/\\\/osmeusapontamentos.com\\\/#website\"},\"datePublished\":\"2009-02-24T11:52:30+00:00\",\"breadcrumb\":{\"@id\":\"https:\\\/\\\/osmeusapontamentos.com\\\/index.php\\\/2009\\\/02\\\/24\\\/onde-vais-cidade-manuel-correia-fernandes\\\/#breadcrumb\"},\"inLanguage\":\"pt-PT\",\"potentialAction\":[{\"@type\":\"ReadAction\",\"target\":[\"https:\\\/\\\/osmeusapontamentos.com\\\/index.php\\\/2009\\\/02\\\/24\\\/onde-vais-cidade-manuel-correia-fernandes\\\/\"]}]},{\"@type\":\"BreadcrumbList\",\"@id\":\"https:\\\/\\\/osmeusapontamentos.com\\\/index.php\\\/2009\\\/02\\\/24\\\/onde-vais-cidade-manuel-correia-fernandes\\\/#breadcrumb\",\"itemListElement\":[{\"@type\":\"ListItem\",\"position\":1,\"name\":\"In\u00edcio\",\"item\":\"https:\\\/\\\/osmeusapontamentos.com\\\/\"},{\"@type\":\"ListItem\",\"position\":2,\"name\":\"Onde Vais Cidade &#8211; Manuel Correia Fernandes\"}]},{\"@type\":\"WebSite\",\"@id\":\"https:\\\/\\\/osmeusapontamentos.com\\\/#website\",\"url\":\"https:\\\/\\\/osmeusapontamentos.com\\\/\",\"name\":\"Os Meus Apontamentos\",\"description\":\"\",\"publisher\":{\"@id\":\"https:\\\/\\\/osmeusapontamentos.com\\\/#\\\/schema\\\/person\\\/d508df9c3ffc8b4e64a18dbf0ba18dd8\"},\"potentialAction\":[{\"@type\":\"SearchAction\",\"target\":{\"@type\":\"EntryPoint\",\"urlTemplate\":\"https:\\\/\\\/osmeusapontamentos.com\\\/?s={search_term_string}\"},\"query-input\":{\"@type\":\"PropertyValueSpecification\",\"valueRequired\":true,\"valueName\":\"search_term_string\"}}],\"inLanguage\":\"pt-PT\"},{\"@type\":[\"Person\",\"Organization\"],\"@id\":\"https:\\\/\\\/osmeusapontamentos.com\\\/#\\\/schema\\\/person\\\/d508df9c3ffc8b4e64a18dbf0ba18dd8\",\"name\":\"Vitor Silva\",\"image\":{\"@type\":\"ImageObject\",\"inLanguage\":\"pt-PT\",\"@id\":\"https:\\\/\\\/secure.gravatar.com\\\/avatar\\\/f81f58ad909e8a213ab0a690f6ed65e5c0e0e2274bf35ac49ff31d7988d483ce?s=96&d=mm&r=g\",\"url\":\"https:\\\/\\\/secure.gravatar.com\\\/avatar\\\/f81f58ad909e8a213ab0a690f6ed65e5c0e0e2274bf35ac49ff31d7988d483ce?s=96&d=mm&r=g\",\"contentUrl\":\"https:\\\/\\\/secure.gravatar.com\\\/avatar\\\/f81f58ad909e8a213ab0a690f6ed65e5c0e0e2274bf35ac49ff31d7988d483ce?s=96&d=mm&r=g\",\"caption\":\"Vitor Silva\"},\"logo\":{\"@id\":\"https:\\\/\\\/secure.gravatar.com\\\/avatar\\\/f81f58ad909e8a213ab0a690f6ed65e5c0e0e2274bf35ac49ff31d7988d483ce?s=96&d=mm&r=g\"},\"sameAs\":[\"https:\\\/\\\/www.linkedin.com\\\/in\\\/vitormrsilva\",\"https:\\\/\\\/x.com\\\/vitorsilva\"]}]}<\/script>\n<!-- \/ Yoast SEO plugin. -->","yoast_head_json":{"title":"Onde Vais Cidade - Manuel Correia Fernandes - Os Meus Apontamentos","robots":{"index":"index","follow":"follow","max-snippet":"max-snippet:-1","max-image-preview":"max-image-preview:large","max-video-preview":"max-video-preview:-1"},"canonical":"https:\/\/osmeusapontamentos.com\/index.php\/2009\/02\/24\/onde-vais-cidade-manuel-correia-fernandes\/","og_locale":"pt_PT","og_type":"article","og_title":"Onde Vais Cidade - Manuel Correia Fernandes - Os Meus Apontamentos","og_description":"Aqui ficam as minhas notas em rela\u00e7\u00e3o \u00e0 interven\u00e7\u00e3o de Manuel Correia Fernandes no dia 21-fev-2008 no f\u00f3rum &#8220;Onde vais cidade?&#8221; N\u00e3o se consegue organizar um territ\u00f3rio sem um conceito. A cidade j\u00e1 est\u00e1 feita &#8211; j\u00e1 temos muito contexto. n\u00e3o estamos a criar uma cidade do zero. Grandes infraestruturas j\u00e1 existem Provavelmente j\u00e1 somos [&hellip;]","og_url":"https:\/\/osmeusapontamentos.com\/index.php\/2009\/02\/24\/onde-vais-cidade-manuel-correia-fernandes\/","og_site_name":"Os Meus Apontamentos","article_published_time":"2009-02-24T11:52:30+00:00","author":"Vitor Silva","twitter_card":"summary_large_image","twitter_creator":"@vitorsilva","twitter_site":"@vitorsilva","twitter_misc":{"Escrito por":"Vitor Silva","Tempo estimado de leitura":"1 minuto"},"schema":{"@context":"https:\/\/schema.org","@graph":[{"@type":"Article","@id":"https:\/\/osmeusapontamentos.com\/index.php\/2009\/02\/24\/onde-vais-cidade-manuel-correia-fernandes\/#article","isPartOf":{"@id":"https:\/\/osmeusapontamentos.com\/index.php\/2009\/02\/24\/onde-vais-cidade-manuel-correia-fernandes\/"},"author":{"name":"Vitor Silva","@id":"https:\/\/osmeusapontamentos.com\/#\/schema\/person\/d508df9c3ffc8b4e64a18dbf0ba18dd8"},"headline":"Onde Vais Cidade &#8211; Manuel Correia Fernandes","datePublished":"2009-02-24T11:52:30+00:00","mainEntityOfPage":{"@id":"https:\/\/osmeusapontamentos.com\/index.php\/2009\/02\/24\/onde-vais-cidade-manuel-correia-fernandes\/"},"wordCount":214,"commentCount":0,"publisher":{"@id":"https:\/\/osmeusapontamentos.com\/#\/schema\/person\/d508df9c3ffc8b4e64a18dbf0ba18dd8"},"keywords":["manuel correia fernandes","onde vais cidade","porto"],"articleSection":["Ler\/ Ver\/ Ouvir\/ Passear"],"inLanguage":"pt-PT","potentialAction":[{"@type":"CommentAction","name":"Comment","target":["https:\/\/osmeusapontamentos.com\/index.php\/2009\/02\/24\/onde-vais-cidade-manuel-correia-fernandes\/#respond"]}]},{"@type":"WebPage","@id":"https:\/\/osmeusapontamentos.com\/index.php\/2009\/02\/24\/onde-vais-cidade-manuel-correia-fernandes\/","url":"https:\/\/osmeusapontamentos.com\/index.php\/2009\/02\/24\/onde-vais-cidade-manuel-correia-fernandes\/","name":"Onde Vais Cidade - Manuel Correia Fernandes - Os Meus Apontamentos","isPartOf":{"@id":"https:\/\/osmeusapontamentos.com\/#website"},"datePublished":"2009-02-24T11:52:30+00:00","breadcrumb":{"@id":"https:\/\/osmeusapontamentos.com\/index.php\/2009\/02\/24\/onde-vais-cidade-manuel-correia-fernandes\/#breadcrumb"},"inLanguage":"pt-PT","potentialAction":[{"@type":"ReadAction","target":["https:\/\/osmeusapontamentos.com\/index.php\/2009\/02\/24\/onde-vais-cidade-manuel-correia-fernandes\/"]}]},{"@type":"BreadcrumbList","@id":"https:\/\/osmeusapontamentos.com\/index.php\/2009\/02\/24\/onde-vais-cidade-manuel-correia-fernandes\/#breadcrumb","itemListElement":[{"@type":"ListItem","position":1,"name":"In\u00edcio","item":"https:\/\/osmeusapontamentos.com\/"},{"@type":"ListItem","position":2,"name":"Onde Vais Cidade &#8211; Manuel Correia Fernandes"}]},{"@type":"WebSite","@id":"https:\/\/osmeusapontamentos.com\/#website","url":"https:\/\/osmeusapontamentos.com\/","name":"Os Meus Apontamentos","description":"","publisher":{"@id":"https:\/\/osmeusapontamentos.com\/#\/schema\/person\/d508df9c3ffc8b4e64a18dbf0ba18dd8"},"potentialAction":[{"@type":"SearchAction","target":{"@type":"EntryPoint","urlTemplate":"https:\/\/osmeusapontamentos.com\/?s={search_term_string}"},"query-input":{"@type":"PropertyValueSpecification","valueRequired":true,"valueName":"search_term_string"}}],"inLanguage":"pt-PT"},{"@type":["Person","Organization"],"@id":"https:\/\/osmeusapontamentos.com\/#\/schema\/person\/d508df9c3ffc8b4e64a18dbf0ba18dd8","name":"Vitor Silva","image":{"@type":"ImageObject","inLanguage":"pt-PT","@id":"https:\/\/secure.gravatar.com\/avatar\/f81f58ad909e8a213ab0a690f6ed65e5c0e0e2274bf35ac49ff31d7988d483ce?s=96&d=mm&r=g","url":"https:\/\/secure.gravatar.com\/avatar\/f81f58ad909e8a213ab0a690f6ed65e5c0e0e2274bf35ac49ff31d7988d483ce?s=96&d=mm&r=g","contentUrl":"https:\/\/secure.gravatar.com\/avatar\/f81f58ad909e8a213ab0a690f6ed65e5c0e0e2274bf35ac49ff31d7988d483ce?s=96&d=mm&r=g","caption":"Vitor Silva"},"logo":{"@id":"https:\/\/secure.gravatar.com\/avatar\/f81f58ad909e8a213ab0a690f6ed65e5c0e0e2274bf35ac49ff31d7988d483ce?s=96&d=mm&r=g"},"sameAs":["https:\/\/www.linkedin.com\/in\/vitormrsilva","https:\/\/x.com\/vitorsilva"]}]}},"_links":{"self":[{"href":"https:\/\/osmeusapontamentos.com\/index.php\/wp-json\/wp\/v2\/posts\/1290","targetHints":{"allow":["GET"]}}],"collection":[{"href":"https:\/\/osmeusapontamentos.com\/index.php\/wp-json\/wp\/v2\/posts"}],"about":[{"href":"https:\/\/osmeusapontamentos.com\/index.php\/wp-json\/wp\/v2\/types\/post"}],"author":[{"embeddable":true,"href":"https:\/\/osmeusapontamentos.com\/index.php\/wp-json\/wp\/v2\/users\/1"}],"replies":[{"embeddable":true,"href":"https:\/\/osmeusapontamentos.com\/index.php\/wp-json\/wp\/v2\/comments?post=1290"}],"version-history":[{"count":0,"href":"https:\/\/osmeusapontamentos.com\/index.php\/wp-json\/wp\/v2\/posts\/1290\/revisions"}],"wp:attachment":[{"href":"https:\/\/osmeusapontamentos.com\/index.php\/wp-json\/wp\/v2\/media?parent=1290"}],"wp:term":[{"taxonomy":"category","embeddable":true,"href":"https:\/\/osmeusapontamentos.com\/index.php\/wp-json\/wp\/v2\/categories?post=1290"},{"taxonomy":"post_tag","embeddable":true,"href":"https:\/\/osmeusapontamentos.com\/index.php\/wp-json\/wp\/v2\/tags?post=1290"}],"curies":[{"name":"wp","href":"https:\/\/api.w.org\/{rel}","templated":true}]}}