{"id":1279,"date":"2009-02-11T22:01:41","date_gmt":"2009-02-11T22:01:41","guid":{"rendered":"http:\/\/osmeusapontamentos.com\/?p=1279"},"modified":"2009-02-11T22:01:41","modified_gmt":"2009-02-11T22:01:41","slug":"o-porto-em-conversa-2","status":"publish","type":"post","link":"https:\/\/osmeusapontamentos.com\/index.php\/2009\/02\/11\/o-porto-em-conversa-2\/","title":{"rendered":"O Porto em Conversa #2"},"content":{"rendered":"<p>Como combinado, e anunciado, o domingo passado foi dia de grava\u00e7\u00e3o de podcast e mais uma vez com a colabora\u00e7\u00e3o preciosa do Jo\u00e3o Cordeiro e da Bit_R\u00e1dio.<\/p>\n<p>Podem aceder aos seus conte\u00fados atrav\u00e9s do site <a href=\"http:\/\/oportoemconversa.wordpress.com\/2009\/02\/11\/conversa-com-cristina-santos-podcast\/\">O Porto em Conversa<\/a>.<\/p>\n<p>Como prepara\u00e7\u00e3o para ele estive a reler as notas que tinha deixado sobre o podcast anterior e acho que consegui evitar aqueles pormenores que at\u00e9 a mim me irritaram mais quando voltei a ouvir a grava\u00e7\u00e3o, nomeadamente os hmm, hmm e &#8220;quer dizer&#8221;. Levei tamb\u00e9m uma garrafinhas de \u00e1gua que foram preciosas at\u00e9 por causa da constipa\u00e7\u00e3o com que estava.<\/p>\n<p>A dor de cabe\u00e7a intensa que tinha dificultou-me um pouco a aten\u00e7\u00e3o e pode ter contribuido um pouco para dificultar a vida \u00e0 minha entrevistada j\u00e1 que me pareceu que a passagem entre temas que eu deveria fazer n\u00e3o me saiu\u00a0 muito fluida.<\/p>\n<p>No final ficamos com 45 minutos, um valor mais perto do meu objectivo de 40 minutos. De referir que s\u00f3 s\u00e3o 45 minutos porque eu cortei duas respostas que eram sobre outros temas e que me parece iriam ficar um pouco desenquadradas.<\/p>\n<p>Ali\u00e1s parece-me destas duas experi\u00eancias que se calhar \u00e9 preferivel assumir que cada podcast vai ser ou sobre um s\u00f3 tema ou sobre a actualidade da cidade. Parece-me que misturar as duas coisas que era o que estava a tentar fazer ao introduzir quest\u00f5es mais gen\u00e9ricas n\u00e3o vai funcionar bem, por um lado porque fica sempre aquele stress de despachar um assunto para passar para o outro, e por outro lado porque inevitavelmente (pelo menos nestes dois primeiros podcasts) o assunto principal ir\u00e1 tomar sempre bastante tempo.<\/p>\n<p>Espero que gostem.<\/p>\n","protected":false},"excerpt":{"rendered":"<p>Como combinado, e anunciado, o domingo passado foi dia de grava\u00e7\u00e3o de podcast e mais uma vez com a colabora\u00e7\u00e3o preciosa do Jo\u00e3o Cordeiro e da Bit_R\u00e1dio. Podem aceder aos seus conte\u00fados atrav\u00e9s do site O Porto em Conversa. Como prepara\u00e7\u00e3o para ele estive a reler as notas que tinha deixado sobre o podcast anterior [&hellip;]<\/p>\n","protected":false},"author":1,"featured_media":0,"comment_status":"open","ping_status":"open","sticky":false,"template":"","format":"standard","meta":{"footnotes":""},"categories":[7],"tags":[472,516],"class_list":["post-1279","post","type-post","status-publish","format-standard","hentry","category-ler-ver-ouvir-passear","tag-oportoemconversa","tag-podcast"],"yoast_head":"<!-- This site is optimized with the Yoast SEO plugin v27.5 - https:\/\/yoast.com\/product\/yoast-seo-wordpress\/ -->\n<title>O Porto em Conversa #2 - Os Meus Apontamentos<\/title>\n<meta name=\"robots\" content=\"index, follow, max-snippet:-1, max-image-preview:large, max-video-preview:-1\" \/>\n<link rel=\"canonical\" href=\"https:\/\/osmeusapontamentos.com\/index.php\/2009\/02\/11\/o-porto-em-conversa-2\/\" \/>\n<meta property=\"og:locale\" content=\"pt_PT\" \/>\n<meta property=\"og:type\" content=\"article\" \/>\n<meta property=\"og:title\" content=\"O Porto em Conversa #2 - Os Meus Apontamentos\" \/>\n<meta property=\"og:description\" content=\"Como combinado, e anunciado, o domingo passado foi dia de grava\u00e7\u00e3o de podcast e mais uma vez com a colabora\u00e7\u00e3o preciosa do Jo\u00e3o Cordeiro e da Bit_R\u00e1dio. Podem aceder aos seus conte\u00fados atrav\u00e9s do site O Porto em Conversa. Como prepara\u00e7\u00e3o para ele estive a reler as notas que tinha deixado sobre o podcast anterior [&hellip;]\" \/>\n<meta property=\"og:url\" content=\"https:\/\/osmeusapontamentos.com\/index.php\/2009\/02\/11\/o-porto-em-conversa-2\/\" \/>\n<meta property=\"og:site_name\" content=\"Os Meus Apontamentos\" \/>\n<meta property=\"article:published_time\" content=\"2009-02-11T22:01:41+00:00\" \/>\n<meta name=\"author\" content=\"Vitor Silva\" \/>\n<meta name=\"twitter:card\" content=\"summary_large_image\" \/>\n<meta name=\"twitter:creator\" content=\"@vitorsilva\" \/>\n<meta name=\"twitter:site\" content=\"@vitorsilva\" \/>\n<meta name=\"twitter:label1\" content=\"Escrito por\" \/>\n\t<meta name=\"twitter:data1\" content=\"Vitor Silva\" \/>\n\t<meta name=\"twitter:label2\" content=\"Tempo estimado de leitura\" \/>\n\t<meta name=\"twitter:data2\" content=\"1 minuto\" \/>\n<script type=\"application\/ld+json\" class=\"yoast-schema-graph\">{\"@context\":\"https:\\\/\\\/schema.org\",\"@graph\":[{\"@type\":\"Article\",\"@id\":\"https:\\\/\\\/osmeusapontamentos.com\\\/index.php\\\/2009\\\/02\\\/11\\\/o-porto-em-conversa-2\\\/#article\",\"isPartOf\":{\"@id\":\"https:\\\/\\\/osmeusapontamentos.com\\\/index.php\\\/2009\\\/02\\\/11\\\/o-porto-em-conversa-2\\\/\"},\"author\":{\"name\":\"Vitor Silva\",\"@id\":\"https:\\\/\\\/osmeusapontamentos.com\\\/#\\\/schema\\\/person\\\/d508df9c3ffc8b4e64a18dbf0ba18dd8\"},\"headline\":\"O Porto em Conversa #2\",\"datePublished\":\"2009-02-11T22:01:41+00:00\",\"mainEntityOfPage\":{\"@id\":\"https:\\\/\\\/osmeusapontamentos.com\\\/index.php\\\/2009\\\/02\\\/11\\\/o-porto-em-conversa-2\\\/\"},\"wordCount\":293,\"commentCount\":0,\"publisher\":{\"@id\":\"https:\\\/\\\/osmeusapontamentos.com\\\/#\\\/schema\\\/person\\\/d508df9c3ffc8b4e64a18dbf0ba18dd8\"},\"keywords\":[\"oportoemconversa\",\"podcast\"],\"articleSection\":[\"Ler\\\/ Ver\\\/ Ouvir\\\/ Passear\"],\"inLanguage\":\"pt-PT\",\"potentialAction\":[{\"@type\":\"CommentAction\",\"name\":\"Comment\",\"target\":[\"https:\\\/\\\/osmeusapontamentos.com\\\/index.php\\\/2009\\\/02\\\/11\\\/o-porto-em-conversa-2\\\/#respond\"]}]},{\"@type\":\"WebPage\",\"@id\":\"https:\\\/\\\/osmeusapontamentos.com\\\/index.php\\\/2009\\\/02\\\/11\\\/o-porto-em-conversa-2\\\/\",\"url\":\"https:\\\/\\\/osmeusapontamentos.com\\\/index.php\\\/2009\\\/02\\\/11\\\/o-porto-em-conversa-2\\\/\",\"name\":\"O Porto em Conversa #2 - Os Meus Apontamentos\",\"isPartOf\":{\"@id\":\"https:\\\/\\\/osmeusapontamentos.com\\\/#website\"},\"datePublished\":\"2009-02-11T22:01:41+00:00\",\"breadcrumb\":{\"@id\":\"https:\\\/\\\/osmeusapontamentos.com\\\/index.php\\\/2009\\\/02\\\/11\\\/o-porto-em-conversa-2\\\/#breadcrumb\"},\"inLanguage\":\"pt-PT\",\"potentialAction\":[{\"@type\":\"ReadAction\",\"target\":[\"https:\\\/\\\/osmeusapontamentos.com\\\/index.php\\\/2009\\\/02\\\/11\\\/o-porto-em-conversa-2\\\/\"]}]},{\"@type\":\"BreadcrumbList\",\"@id\":\"https:\\\/\\\/osmeusapontamentos.com\\\/index.php\\\/2009\\\/02\\\/11\\\/o-porto-em-conversa-2\\\/#breadcrumb\",\"itemListElement\":[{\"@type\":\"ListItem\",\"position\":1,\"name\":\"In\u00edcio\",\"item\":\"https:\\\/\\\/osmeusapontamentos.com\\\/\"},{\"@type\":\"ListItem\",\"position\":2,\"name\":\"O Porto em Conversa #2\"}]},{\"@type\":\"WebSite\",\"@id\":\"https:\\\/\\\/osmeusapontamentos.com\\\/#website\",\"url\":\"https:\\\/\\\/osmeusapontamentos.com\\\/\",\"name\":\"Os Meus Apontamentos\",\"description\":\"\",\"publisher\":{\"@id\":\"https:\\\/\\\/osmeusapontamentos.com\\\/#\\\/schema\\\/person\\\/d508df9c3ffc8b4e64a18dbf0ba18dd8\"},\"potentialAction\":[{\"@type\":\"SearchAction\",\"target\":{\"@type\":\"EntryPoint\",\"urlTemplate\":\"https:\\\/\\\/osmeusapontamentos.com\\\/?s={search_term_string}\"},\"query-input\":{\"@type\":\"PropertyValueSpecification\",\"valueRequired\":true,\"valueName\":\"search_term_string\"}}],\"inLanguage\":\"pt-PT\"},{\"@type\":[\"Person\",\"Organization\"],\"@id\":\"https:\\\/\\\/osmeusapontamentos.com\\\/#\\\/schema\\\/person\\\/d508df9c3ffc8b4e64a18dbf0ba18dd8\",\"name\":\"Vitor Silva\",\"image\":{\"@type\":\"ImageObject\",\"inLanguage\":\"pt-PT\",\"@id\":\"https:\\\/\\\/secure.gravatar.com\\\/avatar\\\/f81f58ad909e8a213ab0a690f6ed65e5c0e0e2274bf35ac49ff31d7988d483ce?s=96&d=mm&r=g\",\"url\":\"https:\\\/\\\/secure.gravatar.com\\\/avatar\\\/f81f58ad909e8a213ab0a690f6ed65e5c0e0e2274bf35ac49ff31d7988d483ce?s=96&d=mm&r=g\",\"contentUrl\":\"https:\\\/\\\/secure.gravatar.com\\\/avatar\\\/f81f58ad909e8a213ab0a690f6ed65e5c0e0e2274bf35ac49ff31d7988d483ce?s=96&d=mm&r=g\",\"caption\":\"Vitor Silva\"},\"logo\":{\"@id\":\"https:\\\/\\\/secure.gravatar.com\\\/avatar\\\/f81f58ad909e8a213ab0a690f6ed65e5c0e0e2274bf35ac49ff31d7988d483ce?s=96&d=mm&r=g\"},\"sameAs\":[\"https:\\\/\\\/www.linkedin.com\\\/in\\\/vitormrsilva\",\"https:\\\/\\\/x.com\\\/vitorsilva\"]}]}<\/script>\n<!-- \/ Yoast SEO plugin. -->","yoast_head_json":{"title":"O Porto em Conversa #2 - Os Meus Apontamentos","robots":{"index":"index","follow":"follow","max-snippet":"max-snippet:-1","max-image-preview":"max-image-preview:large","max-video-preview":"max-video-preview:-1"},"canonical":"https:\/\/osmeusapontamentos.com\/index.php\/2009\/02\/11\/o-porto-em-conversa-2\/","og_locale":"pt_PT","og_type":"article","og_title":"O Porto em Conversa #2 - Os Meus Apontamentos","og_description":"Como combinado, e anunciado, o domingo passado foi dia de grava\u00e7\u00e3o de podcast e mais uma vez com a colabora\u00e7\u00e3o preciosa do Jo\u00e3o Cordeiro e da Bit_R\u00e1dio. Podem aceder aos seus conte\u00fados atrav\u00e9s do site O Porto em Conversa. Como prepara\u00e7\u00e3o para ele estive a reler as notas que tinha deixado sobre o podcast anterior [&hellip;]","og_url":"https:\/\/osmeusapontamentos.com\/index.php\/2009\/02\/11\/o-porto-em-conversa-2\/","og_site_name":"Os Meus Apontamentos","article_published_time":"2009-02-11T22:01:41+00:00","author":"Vitor Silva","twitter_card":"summary_large_image","twitter_creator":"@vitorsilva","twitter_site":"@vitorsilva","twitter_misc":{"Escrito por":"Vitor Silva","Tempo estimado de leitura":"1 minuto"},"schema":{"@context":"https:\/\/schema.org","@graph":[{"@type":"Article","@id":"https:\/\/osmeusapontamentos.com\/index.php\/2009\/02\/11\/o-porto-em-conversa-2\/#article","isPartOf":{"@id":"https:\/\/osmeusapontamentos.com\/index.php\/2009\/02\/11\/o-porto-em-conversa-2\/"},"author":{"name":"Vitor Silva","@id":"https:\/\/osmeusapontamentos.com\/#\/schema\/person\/d508df9c3ffc8b4e64a18dbf0ba18dd8"},"headline":"O Porto em Conversa #2","datePublished":"2009-02-11T22:01:41+00:00","mainEntityOfPage":{"@id":"https:\/\/osmeusapontamentos.com\/index.php\/2009\/02\/11\/o-porto-em-conversa-2\/"},"wordCount":293,"commentCount":0,"publisher":{"@id":"https:\/\/osmeusapontamentos.com\/#\/schema\/person\/d508df9c3ffc8b4e64a18dbf0ba18dd8"},"keywords":["oportoemconversa","podcast"],"articleSection":["Ler\/ Ver\/ Ouvir\/ Passear"],"inLanguage":"pt-PT","potentialAction":[{"@type":"CommentAction","name":"Comment","target":["https:\/\/osmeusapontamentos.com\/index.php\/2009\/02\/11\/o-porto-em-conversa-2\/#respond"]}]},{"@type":"WebPage","@id":"https:\/\/osmeusapontamentos.com\/index.php\/2009\/02\/11\/o-porto-em-conversa-2\/","url":"https:\/\/osmeusapontamentos.com\/index.php\/2009\/02\/11\/o-porto-em-conversa-2\/","name":"O Porto em Conversa #2 - Os Meus Apontamentos","isPartOf":{"@id":"https:\/\/osmeusapontamentos.com\/#website"},"datePublished":"2009-02-11T22:01:41+00:00","breadcrumb":{"@id":"https:\/\/osmeusapontamentos.com\/index.php\/2009\/02\/11\/o-porto-em-conversa-2\/#breadcrumb"},"inLanguage":"pt-PT","potentialAction":[{"@type":"ReadAction","target":["https:\/\/osmeusapontamentos.com\/index.php\/2009\/02\/11\/o-porto-em-conversa-2\/"]}]},{"@type":"BreadcrumbList","@id":"https:\/\/osmeusapontamentos.com\/index.php\/2009\/02\/11\/o-porto-em-conversa-2\/#breadcrumb","itemListElement":[{"@type":"ListItem","position":1,"name":"In\u00edcio","item":"https:\/\/osmeusapontamentos.com\/"},{"@type":"ListItem","position":2,"name":"O Porto em Conversa #2"}]},{"@type":"WebSite","@id":"https:\/\/osmeusapontamentos.com\/#website","url":"https:\/\/osmeusapontamentos.com\/","name":"Os Meus Apontamentos","description":"","publisher":{"@id":"https:\/\/osmeusapontamentos.com\/#\/schema\/person\/d508df9c3ffc8b4e64a18dbf0ba18dd8"},"potentialAction":[{"@type":"SearchAction","target":{"@type":"EntryPoint","urlTemplate":"https:\/\/osmeusapontamentos.com\/?s={search_term_string}"},"query-input":{"@type":"PropertyValueSpecification","valueRequired":true,"valueName":"search_term_string"}}],"inLanguage":"pt-PT"},{"@type":["Person","Organization"],"@id":"https:\/\/osmeusapontamentos.com\/#\/schema\/person\/d508df9c3ffc8b4e64a18dbf0ba18dd8","name":"Vitor Silva","image":{"@type":"ImageObject","inLanguage":"pt-PT","@id":"https:\/\/secure.gravatar.com\/avatar\/f81f58ad909e8a213ab0a690f6ed65e5c0e0e2274bf35ac49ff31d7988d483ce?s=96&d=mm&r=g","url":"https:\/\/secure.gravatar.com\/avatar\/f81f58ad909e8a213ab0a690f6ed65e5c0e0e2274bf35ac49ff31d7988d483ce?s=96&d=mm&r=g","contentUrl":"https:\/\/secure.gravatar.com\/avatar\/f81f58ad909e8a213ab0a690f6ed65e5c0e0e2274bf35ac49ff31d7988d483ce?s=96&d=mm&r=g","caption":"Vitor Silva"},"logo":{"@id":"https:\/\/secure.gravatar.com\/avatar\/f81f58ad909e8a213ab0a690f6ed65e5c0e0e2274bf35ac49ff31d7988d483ce?s=96&d=mm&r=g"},"sameAs":["https:\/\/www.linkedin.com\/in\/vitormrsilva","https:\/\/x.com\/vitorsilva"]}]}},"_links":{"self":[{"href":"https:\/\/osmeusapontamentos.com\/index.php\/wp-json\/wp\/v2\/posts\/1279","targetHints":{"allow":["GET"]}}],"collection":[{"href":"https:\/\/osmeusapontamentos.com\/index.php\/wp-json\/wp\/v2\/posts"}],"about":[{"href":"https:\/\/osmeusapontamentos.com\/index.php\/wp-json\/wp\/v2\/types\/post"}],"author":[{"embeddable":true,"href":"https:\/\/osmeusapontamentos.com\/index.php\/wp-json\/wp\/v2\/users\/1"}],"replies":[{"embeddable":true,"href":"https:\/\/osmeusapontamentos.com\/index.php\/wp-json\/wp\/v2\/comments?post=1279"}],"version-history":[{"count":0,"href":"https:\/\/osmeusapontamentos.com\/index.php\/wp-json\/wp\/v2\/posts\/1279\/revisions"}],"wp:attachment":[{"href":"https:\/\/osmeusapontamentos.com\/index.php\/wp-json\/wp\/v2\/media?parent=1279"}],"wp:term":[{"taxonomy":"category","embeddable":true,"href":"https:\/\/osmeusapontamentos.com\/index.php\/wp-json\/wp\/v2\/categories?post=1279"},{"taxonomy":"post_tag","embeddable":true,"href":"https:\/\/osmeusapontamentos.com\/index.php\/wp-json\/wp\/v2\/tags?post=1279"}],"curies":[{"name":"wp","href":"https:\/\/api.w.org\/{rel}","templated":true}]}}