{"id":1270,"date":"2009-02-07T18:45:00","date_gmt":"2009-02-07T18:45:00","guid":{"rendered":"http:\/\/osmeusapontamentos.com\/?p=1270"},"modified":"2009-02-07T18:45:00","modified_gmt":"2009-02-07T18:45:00","slug":"conversa-com-tiago-azevedo-fernandes-transcricao","status":"publish","type":"post","link":"https:\/\/osmeusapontamentos.com\/index.php\/2009\/02\/07\/conversa-com-tiago-azevedo-fernandes-transcricao\/","title":{"rendered":"Conversa com Tiago Azevedo Fernandes &#8211; destaques"},"content":{"rendered":"<p>A prop\u00f3sito do primeiro programa do podcast &#8220;<a href=\"http:\/\/oportoemconversa.wordpress.com\/\">O Porto em Conversa<\/a>&#8221;<\/p>\n<p><strong>A teoria dos 80 mil.<\/strong><br \/>\n[08:55] VS \u2013 e tens aquilo que chegou minimamente pol\u00e9mica dentro do blog que \u00e9 a tua participa\u00e7\u00e3o ou milit\u00e2ncia no PSD. \u00c9 mesmo importante esse tipo de participa\u00e7\u00e3o e que avalia\u00e7\u00e3o fazes do tempo que j\u00e1 passaste a\u00ed?<br \/>\n[13:20] TAF \u2013 a partir do momento em que aceitamos viver num regime democr\u00e1tico, temos que aceitar as virtudes e os defeitos que ele tem e temos que nos adaptar \u00e0s ferramentas que ele nos fornece. Uma das ferramentas que a democracia nos fornecesse \u00e9 a exist\u00eancia dos partidos pol\u00edticos, \u00e9 atrav\u00e9s dos partidos pol\u00edticos que nos escolhemos o destino pol\u00edtico que queremos para a coisa p\u00fablica, em paralelo com interven\u00e7\u00f5es de natureza diferente na sociedade civil e como eu quero ter interven\u00e7\u00e3o no espa\u00e7o em que vivo seja na regi\u00e3o seja a n\u00edvel nacional n\u00e3o me resta outra alternativa a n\u00e3o ser tamb\u00e9m tentar ter alguma influ\u00eancia atrav\u00e9s dos partidos pol\u00edticos. Podia fazer isso fora mas pareceu-me especialmente importante fazer n\u00famero (nem que seja) tamb\u00e9m dentro dos partidos. Porque, vamos ver, eu tomei a consci\u00eancia disso h\u00e1 relativamente pouco tempo. Eu sempre fui, j\u00e1 agora, simpatizante do PSD, com discord\u00e2ncias em muitas coisas, mas foi sempre uma refer\u00eancia, mas nunca senti a necessidade de ser militante precisamente para manter, pensava eu, aquele distanciamento aquela liberdade, n\u00e3o assumo o compromisso com o partido porque ser militante \u00e9 de alguma maneira tamb\u00e9m assumir um compromisso com um partido, n\u00e3o s\u00e3o s\u00f3 direitos mas tamb\u00e9m alguns deveres, quis ter aquela dist\u00e2ncia que me pareceu confort\u00e1vel, n\u00e3o no sentido depreciativo mas pareceu \u00fatil na altura. At\u00e9 porque na altura das elei\u00e7\u00f5es n\u00e3o preciso de ser militante para votar neste ou naquele partido. Mas a certa altura achei que era mesmo importante fazer n\u00famero, estar mesmo registado como militante, quando comecei a fazer contas. Quantas s\u00e3o as pessoas que escolhem efectivamente o primeiro-ministro e o l\u00edder da oposi\u00e7\u00e3o? Se virmos c\u00e1 em Portugal h\u00e1 basicamente os dois grandes partidos que fazem altern\u00e2ncia, PS e PSD e que t\u00eam cerca de 40.000 militantes votantes cada um, d\u00e1 cerca de 80.000 pessoas no pa\u00eds que escolhem o l\u00edder do PSD e o l\u00edder do PS, ou seja s\u00e3o 80.000 pessoas que escolhem os protagonistas\u2026 um deles vai ser l\u00edder da oposi\u00e7\u00e3o o outro primeiro-ministro, tipicamente. Quando tomei consci\u00eancia de que estamos nas m\u00e3os de 80.000 pessoas\u2026<br \/>\nSe estamos nas m\u00e3os de 80.000 pessoas ent\u00e3o vamos ser pelo menos oitenta mil e uma! Foi essa conta que nunca tinha feito que me levou a inscrever.<br \/>\nEu n\u00e3o tenho tido grande interven\u00e7\u00e3o, sou um militante de base, longe do poder. Tenho participado em algumas reuni\u00f5es do partido com os militantes e tenho ficado com a sensa\u00e7\u00e3o que j\u00e1 tinha antes mas que se confirma agora e que \u00e9: os militantes do partido n\u00e3o s\u00e3o propriamente um bando de malfeitores\u2026 \u00e1s vezes ficamos com a sensa\u00e7\u00e3o\u2026 aquela m\u00e1fia aquela gente\u2026 s\u00e3o todos iguais\u2026 a sensa\u00e7\u00e3o com que fico \u00e9 que s\u00e3o pessoas sinceramente bem-intencionadas mas um bocado perdidas no meio de uma agressividade natural no meio dos partidos e de uma \u201cpartidarite\u201d que lhes tolda um bocado a vis\u00e3o. Ou seja s\u00e3o pessoas bem-intencionadas num meio que lhes distorce um bocado a capacidade de interven\u00e7\u00e3o\u2026<\/p>\n<p><strong>Blogs e Jornais<\/strong><br \/>\n[33:27] VS \u2013 ali\u00e1s por exemplo no caso do p\u00fablico que \u00e9 um jornal de refer\u00eancia mas n\u00e3o funciona para mim porque n\u00e3o tem um feed rss s\u00f3 dos temas do porto e ent\u00e3o basicamente as noticias do publico que acompanho s\u00e3o os links que sigo a partir do site da baixa do porto, porque doutra forma n\u00e3o vou estar \u00e0 procura todos os dias\u2026<br \/>\n[33:55] TAF \u2013 apesar disso os jornalistas locais, t\u00eam algum cuidado e algum interesse espec\u00edfico na blogosfera e tem havido at\u00e9 uma colabora\u00e7\u00e3o t\u00e1cita, n\u00e3o escrita mas efectiva e bidireccional entre os jornais quer o publico e o JN e a baixa do porto, n\u00e3o s\u00f3 eles v\u00e3o l\u00e1 buscar muita da informa\u00e7\u00e3o e aperceber-se dos temas que interessam \u00e0s pessoas como depois os trabalham e n\u00f3s tamb\u00e9m relatamos o que eles fazem e h\u00e1 aqui uma transmiss\u00e3o de informa\u00e7\u00e3o e conhecimento bidireccional muito interessante e tem sido produtiva. E mesmo que extravasa at\u00e9 um pouco a blogosfera. J\u00e1 muitas vezes falei com jornalistas e os jornalistas falam comigo para tentar saber algumas quest\u00f5es sobre o porto e vice-versa. E de facto apesar do uso da internet pelos jornais n\u00e3o ser ainda exemplar, os jornalistas em si est\u00e3o-se a aperceber que apesar das ferramentas que tem \u00e0 sua disposi\u00e7\u00e3o nos seus jornais n\u00e3o serem exactamente as melhores, eles pr\u00f3prios aperceberam que o mundo se est\u00e1 a mudar e eles est\u00e3o a aproveita-lo em benef\u00edcio de todos n\u00f3s.<\/p>\n<p><strong>Comunidades Online<\/strong><br \/>\n[28:50] TAF \u2013 a partir do momento em que se lan\u00e7a a comunidade depois \u00e9 preciso s\u00f3 geri-la, n\u00e3o deixar a coisa desviar-se do seu rumo, mas depois de facto quem a faz de facto s\u00e3o os participantes e alguma uma visibilidade e algum efeito pratico que acho que vai tendo \u00e9 totalmente m\u00e9rito dos participantes. Mas estava a dizer, o que \u00e9 que eu fa\u00e7o no blog para que ele v\u00e1 tendo sucesso, e acho que pode ser interessante para quem nunca pensou nisso ou nunca geriu algo do g\u00e9nero perceber onde se mexe e como funciona.<br \/>\nPrimeiro \u00e9 preciso muito tempo, as pessoas n\u00e3o t\u00eam no\u00e7\u00e3o, mas gerir um blog assim demora mesmo muito tempo. Tudo junto, n\u00e3o \u00e9 s\u00f3 escrever no blog ou publicar os posts, \u00e9 estar atento ao que se escreve, \u00e9 participar nestas conversas que s\u00e3o necess\u00e1rias, participar em semin\u00e1rios, ir falando com as pessoas\u2026 \u00e9 preciso tempo, ou seja, n\u00e3o se faz isto com cinco minutos por dia. Segundo, \u00e9 preciso uma persist\u00eancia muito grande, uma coisa destas para ter efeito e para criar comunidades\u2026 uma comunidade n\u00e3o se cria e os la\u00e7os entre as pessoas n\u00e3o se criam em dois ou tr\u00eas dias, o blog vai agora fazer cinco anos, s\u00e3o cinco anos agora em Abril de vida em comunidade, ou seja, as coisas demoram tempo. H\u00e1 um ano atr\u00e1s a comunidade que se conhecia e era relativamente coesa era muito mais pequena, agora tem uma natureza diferente, tem muito mais gente a participar e a ler<\/p>\n","protected":false},"excerpt":{"rendered":"<p>A prop\u00f3sito do primeiro programa do podcast &#8220;O Porto em Conversa&#8221; A teoria dos 80 mil. [08:55] VS \u2013 e tens aquilo que chegou minimamente pol\u00e9mica dentro do blog que \u00e9 a tua participa\u00e7\u00e3o ou milit\u00e2ncia no PSD. \u00c9 mesmo importante esse tipo de participa\u00e7\u00e3o e que avalia\u00e7\u00e3o fazes do tempo que j\u00e1 passaste a\u00ed? [&hellip;]<\/p>\n","protected":false},"author":1,"featured_media":0,"comment_status":"open","ping_status":"open","sticky":false,"template":"","format":"standard","meta":{"footnotes":""},"categories":[7],"tags":[457,516],"class_list":["post-1270","post","type-post","status-publish","format-standard","hentry","category-ler-ver-ouvir-passear","tag-o-porto-em-conversa","tag-podcast"],"yoast_head":"<!-- This site is optimized with the Yoast SEO plugin v27.5 - https:\/\/yoast.com\/product\/yoast-seo-wordpress\/ -->\n<title>Conversa com Tiago Azevedo Fernandes - destaques - Os Meus Apontamentos<\/title>\n<meta name=\"robots\" content=\"index, follow, max-snippet:-1, max-image-preview:large, max-video-preview:-1\" \/>\n<link rel=\"canonical\" href=\"https:\/\/osmeusapontamentos.com\/index.php\/2009\/02\/07\/conversa-com-tiago-azevedo-fernandes-transcricao\/\" \/>\n<meta property=\"og:locale\" content=\"pt_PT\" \/>\n<meta property=\"og:type\" content=\"article\" \/>\n<meta property=\"og:title\" content=\"Conversa com Tiago Azevedo Fernandes - destaques - Os Meus Apontamentos\" \/>\n<meta property=\"og:description\" content=\"A prop\u00f3sito do primeiro programa do podcast &#8220;O Porto em Conversa&#8221; A teoria dos 80 mil. [08:55] VS \u2013 e tens aquilo que chegou minimamente pol\u00e9mica dentro do blog que \u00e9 a tua participa\u00e7\u00e3o ou milit\u00e2ncia no PSD. \u00c9 mesmo importante esse tipo de participa\u00e7\u00e3o e que avalia\u00e7\u00e3o fazes do tempo que j\u00e1 passaste a\u00ed? [&hellip;]\" \/>\n<meta property=\"og:url\" content=\"https:\/\/osmeusapontamentos.com\/index.php\/2009\/02\/07\/conversa-com-tiago-azevedo-fernandes-transcricao\/\" \/>\n<meta property=\"og:site_name\" content=\"Os Meus Apontamentos\" \/>\n<meta property=\"article:published_time\" content=\"2009-02-07T18:45:00+00:00\" \/>\n<meta name=\"author\" content=\"Vitor Silva\" \/>\n<meta name=\"twitter:card\" content=\"summary_large_image\" \/>\n<meta name=\"twitter:creator\" content=\"@vitorsilva\" \/>\n<meta name=\"twitter:site\" content=\"@vitorsilva\" \/>\n<meta name=\"twitter:label1\" content=\"Escrito por\" \/>\n\t<meta name=\"twitter:data1\" content=\"Vitor Silva\" \/>\n\t<meta name=\"twitter:label2\" content=\"Tempo estimado de leitura\" \/>\n\t<meta name=\"twitter:data2\" content=\"6 minutos\" \/>\n<script type=\"application\/ld+json\" class=\"yoast-schema-graph\">{\"@context\":\"https:\\\/\\\/schema.org\",\"@graph\":[{\"@type\":\"Article\",\"@id\":\"https:\\\/\\\/osmeusapontamentos.com\\\/index.php\\\/2009\\\/02\\\/07\\\/conversa-com-tiago-azevedo-fernandes-transcricao\\\/#article\",\"isPartOf\":{\"@id\":\"https:\\\/\\\/osmeusapontamentos.com\\\/index.php\\\/2009\\\/02\\\/07\\\/conversa-com-tiago-azevedo-fernandes-transcricao\\\/\"},\"author\":{\"name\":\"Vitor Silva\",\"@id\":\"https:\\\/\\\/osmeusapontamentos.com\\\/#\\\/schema\\\/person\\\/d508df9c3ffc8b4e64a18dbf0ba18dd8\"},\"headline\":\"Conversa com Tiago Azevedo Fernandes &#8211; destaques\",\"datePublished\":\"2009-02-07T18:45:00+00:00\",\"mainEntityOfPage\":{\"@id\":\"https:\\\/\\\/osmeusapontamentos.com\\\/index.php\\\/2009\\\/02\\\/07\\\/conversa-com-tiago-azevedo-fernandes-transcricao\\\/\"},\"wordCount\":1144,\"commentCount\":0,\"publisher\":{\"@id\":\"https:\\\/\\\/osmeusapontamentos.com\\\/#\\\/schema\\\/person\\\/d508df9c3ffc8b4e64a18dbf0ba18dd8\"},\"keywords\":[\"o porto em conversa\",\"podcast\"],\"articleSection\":[\"Ler\\\/ Ver\\\/ Ouvir\\\/ Passear\"],\"inLanguage\":\"pt-PT\",\"potentialAction\":[{\"@type\":\"CommentAction\",\"name\":\"Comment\",\"target\":[\"https:\\\/\\\/osmeusapontamentos.com\\\/index.php\\\/2009\\\/02\\\/07\\\/conversa-com-tiago-azevedo-fernandes-transcricao\\\/#respond\"]}]},{\"@type\":\"WebPage\",\"@id\":\"https:\\\/\\\/osmeusapontamentos.com\\\/index.php\\\/2009\\\/02\\\/07\\\/conversa-com-tiago-azevedo-fernandes-transcricao\\\/\",\"url\":\"https:\\\/\\\/osmeusapontamentos.com\\\/index.php\\\/2009\\\/02\\\/07\\\/conversa-com-tiago-azevedo-fernandes-transcricao\\\/\",\"name\":\"Conversa com Tiago Azevedo Fernandes - destaques - Os Meus Apontamentos\",\"isPartOf\":{\"@id\":\"https:\\\/\\\/osmeusapontamentos.com\\\/#website\"},\"datePublished\":\"2009-02-07T18:45:00+00:00\",\"breadcrumb\":{\"@id\":\"https:\\\/\\\/osmeusapontamentos.com\\\/index.php\\\/2009\\\/02\\\/07\\\/conversa-com-tiago-azevedo-fernandes-transcricao\\\/#breadcrumb\"},\"inLanguage\":\"pt-PT\",\"potentialAction\":[{\"@type\":\"ReadAction\",\"target\":[\"https:\\\/\\\/osmeusapontamentos.com\\\/index.php\\\/2009\\\/02\\\/07\\\/conversa-com-tiago-azevedo-fernandes-transcricao\\\/\"]}]},{\"@type\":\"BreadcrumbList\",\"@id\":\"https:\\\/\\\/osmeusapontamentos.com\\\/index.php\\\/2009\\\/02\\\/07\\\/conversa-com-tiago-azevedo-fernandes-transcricao\\\/#breadcrumb\",\"itemListElement\":[{\"@type\":\"ListItem\",\"position\":1,\"name\":\"In\u00edcio\",\"item\":\"https:\\\/\\\/osmeusapontamentos.com\\\/\"},{\"@type\":\"ListItem\",\"position\":2,\"name\":\"Conversa com Tiago Azevedo Fernandes &#8211; destaques\"}]},{\"@type\":\"WebSite\",\"@id\":\"https:\\\/\\\/osmeusapontamentos.com\\\/#website\",\"url\":\"https:\\\/\\\/osmeusapontamentos.com\\\/\",\"name\":\"Os Meus Apontamentos\",\"description\":\"\",\"publisher\":{\"@id\":\"https:\\\/\\\/osmeusapontamentos.com\\\/#\\\/schema\\\/person\\\/d508df9c3ffc8b4e64a18dbf0ba18dd8\"},\"potentialAction\":[{\"@type\":\"SearchAction\",\"target\":{\"@type\":\"EntryPoint\",\"urlTemplate\":\"https:\\\/\\\/osmeusapontamentos.com\\\/?s={search_term_string}\"},\"query-input\":{\"@type\":\"PropertyValueSpecification\",\"valueRequired\":true,\"valueName\":\"search_term_string\"}}],\"inLanguage\":\"pt-PT\"},{\"@type\":[\"Person\",\"Organization\"],\"@id\":\"https:\\\/\\\/osmeusapontamentos.com\\\/#\\\/schema\\\/person\\\/d508df9c3ffc8b4e64a18dbf0ba18dd8\",\"name\":\"Vitor Silva\",\"image\":{\"@type\":\"ImageObject\",\"inLanguage\":\"pt-PT\",\"@id\":\"https:\\\/\\\/secure.gravatar.com\\\/avatar\\\/f81f58ad909e8a213ab0a690f6ed65e5c0e0e2274bf35ac49ff31d7988d483ce?s=96&d=mm&r=g\",\"url\":\"https:\\\/\\\/secure.gravatar.com\\\/avatar\\\/f81f58ad909e8a213ab0a690f6ed65e5c0e0e2274bf35ac49ff31d7988d483ce?s=96&d=mm&r=g\",\"contentUrl\":\"https:\\\/\\\/secure.gravatar.com\\\/avatar\\\/f81f58ad909e8a213ab0a690f6ed65e5c0e0e2274bf35ac49ff31d7988d483ce?s=96&d=mm&r=g\",\"caption\":\"Vitor Silva\"},\"logo\":{\"@id\":\"https:\\\/\\\/secure.gravatar.com\\\/avatar\\\/f81f58ad909e8a213ab0a690f6ed65e5c0e0e2274bf35ac49ff31d7988d483ce?s=96&d=mm&r=g\"},\"sameAs\":[\"https:\\\/\\\/www.linkedin.com\\\/in\\\/vitormrsilva\",\"https:\\\/\\\/x.com\\\/vitorsilva\"]}]}<\/script>\n<!-- \/ Yoast SEO plugin. -->","yoast_head_json":{"title":"Conversa com Tiago Azevedo Fernandes - destaques - Os Meus Apontamentos","robots":{"index":"index","follow":"follow","max-snippet":"max-snippet:-1","max-image-preview":"max-image-preview:large","max-video-preview":"max-video-preview:-1"},"canonical":"https:\/\/osmeusapontamentos.com\/index.php\/2009\/02\/07\/conversa-com-tiago-azevedo-fernandes-transcricao\/","og_locale":"pt_PT","og_type":"article","og_title":"Conversa com Tiago Azevedo Fernandes - destaques - Os Meus Apontamentos","og_description":"A prop\u00f3sito do primeiro programa do podcast &#8220;O Porto em Conversa&#8221; A teoria dos 80 mil. [08:55] VS \u2013 e tens aquilo que chegou minimamente pol\u00e9mica dentro do blog que \u00e9 a tua participa\u00e7\u00e3o ou milit\u00e2ncia no PSD. \u00c9 mesmo importante esse tipo de participa\u00e7\u00e3o e que avalia\u00e7\u00e3o fazes do tempo que j\u00e1 passaste a\u00ed? [&hellip;]","og_url":"https:\/\/osmeusapontamentos.com\/index.php\/2009\/02\/07\/conversa-com-tiago-azevedo-fernandes-transcricao\/","og_site_name":"Os Meus Apontamentos","article_published_time":"2009-02-07T18:45:00+00:00","author":"Vitor Silva","twitter_card":"summary_large_image","twitter_creator":"@vitorsilva","twitter_site":"@vitorsilva","twitter_misc":{"Escrito por":"Vitor Silva","Tempo estimado de leitura":"6 minutos"},"schema":{"@context":"https:\/\/schema.org","@graph":[{"@type":"Article","@id":"https:\/\/osmeusapontamentos.com\/index.php\/2009\/02\/07\/conversa-com-tiago-azevedo-fernandes-transcricao\/#article","isPartOf":{"@id":"https:\/\/osmeusapontamentos.com\/index.php\/2009\/02\/07\/conversa-com-tiago-azevedo-fernandes-transcricao\/"},"author":{"name":"Vitor Silva","@id":"https:\/\/osmeusapontamentos.com\/#\/schema\/person\/d508df9c3ffc8b4e64a18dbf0ba18dd8"},"headline":"Conversa com Tiago Azevedo Fernandes &#8211; destaques","datePublished":"2009-02-07T18:45:00+00:00","mainEntityOfPage":{"@id":"https:\/\/osmeusapontamentos.com\/index.php\/2009\/02\/07\/conversa-com-tiago-azevedo-fernandes-transcricao\/"},"wordCount":1144,"commentCount":0,"publisher":{"@id":"https:\/\/osmeusapontamentos.com\/#\/schema\/person\/d508df9c3ffc8b4e64a18dbf0ba18dd8"},"keywords":["o porto em conversa","podcast"],"articleSection":["Ler\/ Ver\/ Ouvir\/ Passear"],"inLanguage":"pt-PT","potentialAction":[{"@type":"CommentAction","name":"Comment","target":["https:\/\/osmeusapontamentos.com\/index.php\/2009\/02\/07\/conversa-com-tiago-azevedo-fernandes-transcricao\/#respond"]}]},{"@type":"WebPage","@id":"https:\/\/osmeusapontamentos.com\/index.php\/2009\/02\/07\/conversa-com-tiago-azevedo-fernandes-transcricao\/","url":"https:\/\/osmeusapontamentos.com\/index.php\/2009\/02\/07\/conversa-com-tiago-azevedo-fernandes-transcricao\/","name":"Conversa com Tiago Azevedo Fernandes - destaques - Os Meus Apontamentos","isPartOf":{"@id":"https:\/\/osmeusapontamentos.com\/#website"},"datePublished":"2009-02-07T18:45:00+00:00","breadcrumb":{"@id":"https:\/\/osmeusapontamentos.com\/index.php\/2009\/02\/07\/conversa-com-tiago-azevedo-fernandes-transcricao\/#breadcrumb"},"inLanguage":"pt-PT","potentialAction":[{"@type":"ReadAction","target":["https:\/\/osmeusapontamentos.com\/index.php\/2009\/02\/07\/conversa-com-tiago-azevedo-fernandes-transcricao\/"]}]},{"@type":"BreadcrumbList","@id":"https:\/\/osmeusapontamentos.com\/index.php\/2009\/02\/07\/conversa-com-tiago-azevedo-fernandes-transcricao\/#breadcrumb","itemListElement":[{"@type":"ListItem","position":1,"name":"In\u00edcio","item":"https:\/\/osmeusapontamentos.com\/"},{"@type":"ListItem","position":2,"name":"Conversa com Tiago Azevedo Fernandes &#8211; destaques"}]},{"@type":"WebSite","@id":"https:\/\/osmeusapontamentos.com\/#website","url":"https:\/\/osmeusapontamentos.com\/","name":"Os Meus Apontamentos","description":"","publisher":{"@id":"https:\/\/osmeusapontamentos.com\/#\/schema\/person\/d508df9c3ffc8b4e64a18dbf0ba18dd8"},"potentialAction":[{"@type":"SearchAction","target":{"@type":"EntryPoint","urlTemplate":"https:\/\/osmeusapontamentos.com\/?s={search_term_string}"},"query-input":{"@type":"PropertyValueSpecification","valueRequired":true,"valueName":"search_term_string"}}],"inLanguage":"pt-PT"},{"@type":["Person","Organization"],"@id":"https:\/\/osmeusapontamentos.com\/#\/schema\/person\/d508df9c3ffc8b4e64a18dbf0ba18dd8","name":"Vitor Silva","image":{"@type":"ImageObject","inLanguage":"pt-PT","@id":"https:\/\/secure.gravatar.com\/avatar\/f81f58ad909e8a213ab0a690f6ed65e5c0e0e2274bf35ac49ff31d7988d483ce?s=96&d=mm&r=g","url":"https:\/\/secure.gravatar.com\/avatar\/f81f58ad909e8a213ab0a690f6ed65e5c0e0e2274bf35ac49ff31d7988d483ce?s=96&d=mm&r=g","contentUrl":"https:\/\/secure.gravatar.com\/avatar\/f81f58ad909e8a213ab0a690f6ed65e5c0e0e2274bf35ac49ff31d7988d483ce?s=96&d=mm&r=g","caption":"Vitor Silva"},"logo":{"@id":"https:\/\/secure.gravatar.com\/avatar\/f81f58ad909e8a213ab0a690f6ed65e5c0e0e2274bf35ac49ff31d7988d483ce?s=96&d=mm&r=g"},"sameAs":["https:\/\/www.linkedin.com\/in\/vitormrsilva","https:\/\/x.com\/vitorsilva"]}]}},"_links":{"self":[{"href":"https:\/\/osmeusapontamentos.com\/index.php\/wp-json\/wp\/v2\/posts\/1270","targetHints":{"allow":["GET"]}}],"collection":[{"href":"https:\/\/osmeusapontamentos.com\/index.php\/wp-json\/wp\/v2\/posts"}],"about":[{"href":"https:\/\/osmeusapontamentos.com\/index.php\/wp-json\/wp\/v2\/types\/post"}],"author":[{"embeddable":true,"href":"https:\/\/osmeusapontamentos.com\/index.php\/wp-json\/wp\/v2\/users\/1"}],"replies":[{"embeddable":true,"href":"https:\/\/osmeusapontamentos.com\/index.php\/wp-json\/wp\/v2\/comments?post=1270"}],"version-history":[{"count":0,"href":"https:\/\/osmeusapontamentos.com\/index.php\/wp-json\/wp\/v2\/posts\/1270\/revisions"}],"wp:attachment":[{"href":"https:\/\/osmeusapontamentos.com\/index.php\/wp-json\/wp\/v2\/media?parent=1270"}],"wp:term":[{"taxonomy":"category","embeddable":true,"href":"https:\/\/osmeusapontamentos.com\/index.php\/wp-json\/wp\/v2\/categories?post=1270"},{"taxonomy":"post_tag","embeddable":true,"href":"https:\/\/osmeusapontamentos.com\/index.php\/wp-json\/wp\/v2\/tags?post=1270"}],"curies":[{"name":"wp","href":"https:\/\/api.w.org\/{rel}","templated":true}]}}