{"id":115,"date":"2004-04-16T14:19:22","date_gmt":"2004-04-16T14:19:22","guid":{"rendered":"http:\/\/osmeusapontamentos.com\/?p=115"},"modified":"2004-04-16T14:19:22","modified_gmt":"2004-04-16T14:19:22","slug":"instituicoes-europeias-28","status":"publish","type":"post","link":"https:\/\/osmeusapontamentos.com\/index.php\/2004\/04\/16\/instituicoes-europeias-28\/","title":{"rendered":"Institui\u00e7\u00f5es Europeias 2\/8"},"content":{"rendered":"<p>O <a href=\"http:\/\/www.europarl.europa.eu\/news\/public\/default_pt.htm\"><strong>Parlamento Europeu<\/strong><\/a> \u00e9 a institui\u00e7\u00e3o em que est\u00e3o representados os cidad\u00e3os dos estados-membros. Em muitos dom\u00ednios o Parlamento tem um papel de co-legislador (paralelamente ao Conselho). Juntamento com o Conselho \u00e9 igualmente a autoridade or\u00e7amental. Exerce o controlo pol\u00edtico da Comiss\u00e3o.<br \/>\nOs deputados do Parlamento Europeu, eleitos por sufr\u00e1gio directo desde 1979, n\u00e3o est\u00e3o agrupados em delega\u00e7\u00f5es nacionais, mas em grupos pol\u00edticos.<br \/>\nDe acordo com o tratado de Nice, Portugal tem 22 lugares no PE. Tantos como a B\u00e9lgica e Gr\u00e9cia, pouco menos que os Pa\u00edses Baixos (25) e pouco mais que a Su\u00e9cia (18) e \u00c1ustria (17). A Pol\u00f3nia ser\u00e1 dos novos estados-membros aquele que ir\u00e1 ter direito a mais lugares (50 lugares).<br \/>\nNo final de todas as ades\u00f5es, o Parlamento Europeu ter\u00e1 732 deputados.<\/p>\n<p>in &#8220;As Institui\u00e7\u00f5es e \u00d3rg\u00e3os da Uni\u00e3o Europeia&#8221;<\/p>\n","protected":false},"excerpt":{"rendered":"<p>O Parlamento Europeu \u00e9 a institui\u00e7\u00e3o em que est\u00e3o representados os cidad\u00e3os dos estados-membros. Em muitos dom\u00ednios o Parlamento tem um papel de co-legislador (paralelamente ao Conselho). Juntamento com o Conselho \u00e9 igualmente a autoridade or\u00e7amental. Exerce o controlo pol\u00edtico da Comiss\u00e3o. Os deputados do Parlamento Europeu, eleitos por sufr\u00e1gio directo desde 1979, n\u00e3o est\u00e3o [&hellip;]<\/p>\n","protected":false},"author":1,"featured_media":0,"comment_status":"closed","ping_status":"closed","sticky":false,"template":"","format":"standard","meta":{"footnotes":""},"categories":[7],"tags":[240,482],"class_list":["post-115","post","type-post","status-publish","format-standard","hentry","category-ler-ver-ouvir-passear","tag-europa","tag-parlamento-europeu"],"yoast_head":"<!-- This site is optimized with the Yoast SEO plugin v27.5 - https:\/\/yoast.com\/product\/yoast-seo-wordpress\/ -->\n<title>Institui\u00e7\u00f5es Europeias 2\/8 - Os Meus Apontamentos<\/title>\n<meta name=\"robots\" content=\"index, follow, max-snippet:-1, max-image-preview:large, max-video-preview:-1\" \/>\n<link rel=\"canonical\" href=\"https:\/\/osmeusapontamentos.com\/index.php\/2004\/04\/16\/instituicoes-europeias-28\/\" \/>\n<meta property=\"og:locale\" content=\"pt_PT\" \/>\n<meta property=\"og:type\" content=\"article\" \/>\n<meta property=\"og:title\" content=\"Institui\u00e7\u00f5es Europeias 2\/8 - Os Meus Apontamentos\" \/>\n<meta property=\"og:description\" content=\"O Parlamento Europeu \u00e9 a institui\u00e7\u00e3o em que est\u00e3o representados os cidad\u00e3os dos estados-membros. Em muitos dom\u00ednios o Parlamento tem um papel de co-legislador (paralelamente ao Conselho). Juntamento com o Conselho \u00e9 igualmente a autoridade or\u00e7amental. Exerce o controlo pol\u00edtico da Comiss\u00e3o. Os deputados do Parlamento Europeu, eleitos por sufr\u00e1gio directo desde 1979, n\u00e3o est\u00e3o [&hellip;]\" \/>\n<meta property=\"og:url\" content=\"https:\/\/osmeusapontamentos.com\/index.php\/2004\/04\/16\/instituicoes-europeias-28\/\" \/>\n<meta property=\"og:site_name\" content=\"Os Meus Apontamentos\" \/>\n<meta property=\"article:published_time\" content=\"2004-04-16T14:19:22+00:00\" \/>\n<meta name=\"author\" content=\"Vitor Silva\" \/>\n<meta name=\"twitter:card\" content=\"summary_large_image\" \/>\n<meta name=\"twitter:creator\" content=\"@vitorsilva\" \/>\n<meta name=\"twitter:site\" content=\"@vitorsilva\" \/>\n<meta name=\"twitter:label1\" content=\"Escrito por\" \/>\n\t<meta name=\"twitter:data1\" content=\"Vitor Silva\" \/>\n\t<meta name=\"twitter:label2\" content=\"Tempo estimado de leitura\" \/>\n\t<meta name=\"twitter:data2\" content=\"1 minuto\" \/>\n<script type=\"application\/ld+json\" class=\"yoast-schema-graph\">{\"@context\":\"https:\\\/\\\/schema.org\",\"@graph\":[{\"@type\":\"Article\",\"@id\":\"https:\\\/\\\/osmeusapontamentos.com\\\/index.php\\\/2004\\\/04\\\/16\\\/instituicoes-europeias-28\\\/#article\",\"isPartOf\":{\"@id\":\"https:\\\/\\\/osmeusapontamentos.com\\\/index.php\\\/2004\\\/04\\\/16\\\/instituicoes-europeias-28\\\/\"},\"author\":{\"name\":\"Vitor Silva\",\"@id\":\"https:\\\/\\\/osmeusapontamentos.com\\\/#\\\/schema\\\/person\\\/d508df9c3ffc8b4e64a18dbf0ba18dd8\"},\"headline\":\"Institui\u00e7\u00f5es Europeias 2\\\/8\",\"datePublished\":\"2004-04-16T14:19:22+00:00\",\"mainEntityOfPage\":{\"@id\":\"https:\\\/\\\/osmeusapontamentos.com\\\/index.php\\\/2004\\\/04\\\/16\\\/instituicoes-europeias-28\\\/\"},\"wordCount\":150,\"publisher\":{\"@id\":\"https:\\\/\\\/osmeusapontamentos.com\\\/#\\\/schema\\\/person\\\/d508df9c3ffc8b4e64a18dbf0ba18dd8\"},\"keywords\":[\"europa\",\"parlamento europeu\"],\"articleSection\":[\"Ler\\\/ Ver\\\/ Ouvir\\\/ Passear\"],\"inLanguage\":\"pt-PT\"},{\"@type\":\"WebPage\",\"@id\":\"https:\\\/\\\/osmeusapontamentos.com\\\/index.php\\\/2004\\\/04\\\/16\\\/instituicoes-europeias-28\\\/\",\"url\":\"https:\\\/\\\/osmeusapontamentos.com\\\/index.php\\\/2004\\\/04\\\/16\\\/instituicoes-europeias-28\\\/\",\"name\":\"Institui\u00e7\u00f5es Europeias 2\\\/8 - Os Meus Apontamentos\",\"isPartOf\":{\"@id\":\"https:\\\/\\\/osmeusapontamentos.com\\\/#website\"},\"datePublished\":\"2004-04-16T14:19:22+00:00\",\"breadcrumb\":{\"@id\":\"https:\\\/\\\/osmeusapontamentos.com\\\/index.php\\\/2004\\\/04\\\/16\\\/instituicoes-europeias-28\\\/#breadcrumb\"},\"inLanguage\":\"pt-PT\",\"potentialAction\":[{\"@type\":\"ReadAction\",\"target\":[\"https:\\\/\\\/osmeusapontamentos.com\\\/index.php\\\/2004\\\/04\\\/16\\\/instituicoes-europeias-28\\\/\"]}]},{\"@type\":\"BreadcrumbList\",\"@id\":\"https:\\\/\\\/osmeusapontamentos.com\\\/index.php\\\/2004\\\/04\\\/16\\\/instituicoes-europeias-28\\\/#breadcrumb\",\"itemListElement\":[{\"@type\":\"ListItem\",\"position\":1,\"name\":\"In\u00edcio\",\"item\":\"https:\\\/\\\/osmeusapontamentos.com\\\/\"},{\"@type\":\"ListItem\",\"position\":2,\"name\":\"Institui\u00e7\u00f5es Europeias 2\\\/8\"}]},{\"@type\":\"WebSite\",\"@id\":\"https:\\\/\\\/osmeusapontamentos.com\\\/#website\",\"url\":\"https:\\\/\\\/osmeusapontamentos.com\\\/\",\"name\":\"Os Meus Apontamentos\",\"description\":\"\",\"publisher\":{\"@id\":\"https:\\\/\\\/osmeusapontamentos.com\\\/#\\\/schema\\\/person\\\/d508df9c3ffc8b4e64a18dbf0ba18dd8\"},\"potentialAction\":[{\"@type\":\"SearchAction\",\"target\":{\"@type\":\"EntryPoint\",\"urlTemplate\":\"https:\\\/\\\/osmeusapontamentos.com\\\/?s={search_term_string}\"},\"query-input\":{\"@type\":\"PropertyValueSpecification\",\"valueRequired\":true,\"valueName\":\"search_term_string\"}}],\"inLanguage\":\"pt-PT\"},{\"@type\":[\"Person\",\"Organization\"],\"@id\":\"https:\\\/\\\/osmeusapontamentos.com\\\/#\\\/schema\\\/person\\\/d508df9c3ffc8b4e64a18dbf0ba18dd8\",\"name\":\"Vitor Silva\",\"image\":{\"@type\":\"ImageObject\",\"inLanguage\":\"pt-PT\",\"@id\":\"https:\\\/\\\/secure.gravatar.com\\\/avatar\\\/f81f58ad909e8a213ab0a690f6ed65e5c0e0e2274bf35ac49ff31d7988d483ce?s=96&d=mm&r=g\",\"url\":\"https:\\\/\\\/secure.gravatar.com\\\/avatar\\\/f81f58ad909e8a213ab0a690f6ed65e5c0e0e2274bf35ac49ff31d7988d483ce?s=96&d=mm&r=g\",\"contentUrl\":\"https:\\\/\\\/secure.gravatar.com\\\/avatar\\\/f81f58ad909e8a213ab0a690f6ed65e5c0e0e2274bf35ac49ff31d7988d483ce?s=96&d=mm&r=g\",\"caption\":\"Vitor Silva\"},\"logo\":{\"@id\":\"https:\\\/\\\/secure.gravatar.com\\\/avatar\\\/f81f58ad909e8a213ab0a690f6ed65e5c0e0e2274bf35ac49ff31d7988d483ce?s=96&d=mm&r=g\"},\"sameAs\":[\"https:\\\/\\\/www.linkedin.com\\\/in\\\/vitormrsilva\",\"https:\\\/\\\/x.com\\\/vitorsilva\"]}]}<\/script>\n<!-- \/ Yoast SEO plugin. -->","yoast_head_json":{"title":"Institui\u00e7\u00f5es Europeias 2\/8 - Os Meus Apontamentos","robots":{"index":"index","follow":"follow","max-snippet":"max-snippet:-1","max-image-preview":"max-image-preview:large","max-video-preview":"max-video-preview:-1"},"canonical":"https:\/\/osmeusapontamentos.com\/index.php\/2004\/04\/16\/instituicoes-europeias-28\/","og_locale":"pt_PT","og_type":"article","og_title":"Institui\u00e7\u00f5es Europeias 2\/8 - Os Meus Apontamentos","og_description":"O Parlamento Europeu \u00e9 a institui\u00e7\u00e3o em que est\u00e3o representados os cidad\u00e3os dos estados-membros. Em muitos dom\u00ednios o Parlamento tem um papel de co-legislador (paralelamente ao Conselho). Juntamento com o Conselho \u00e9 igualmente a autoridade or\u00e7amental. Exerce o controlo pol\u00edtico da Comiss\u00e3o. Os deputados do Parlamento Europeu, eleitos por sufr\u00e1gio directo desde 1979, n\u00e3o est\u00e3o [&hellip;]","og_url":"https:\/\/osmeusapontamentos.com\/index.php\/2004\/04\/16\/instituicoes-europeias-28\/","og_site_name":"Os Meus Apontamentos","article_published_time":"2004-04-16T14:19:22+00:00","author":"Vitor Silva","twitter_card":"summary_large_image","twitter_creator":"@vitorsilva","twitter_site":"@vitorsilva","twitter_misc":{"Escrito por":"Vitor Silva","Tempo estimado de leitura":"1 minuto"},"schema":{"@context":"https:\/\/schema.org","@graph":[{"@type":"Article","@id":"https:\/\/osmeusapontamentos.com\/index.php\/2004\/04\/16\/instituicoes-europeias-28\/#article","isPartOf":{"@id":"https:\/\/osmeusapontamentos.com\/index.php\/2004\/04\/16\/instituicoes-europeias-28\/"},"author":{"name":"Vitor Silva","@id":"https:\/\/osmeusapontamentos.com\/#\/schema\/person\/d508df9c3ffc8b4e64a18dbf0ba18dd8"},"headline":"Institui\u00e7\u00f5es Europeias 2\/8","datePublished":"2004-04-16T14:19:22+00:00","mainEntityOfPage":{"@id":"https:\/\/osmeusapontamentos.com\/index.php\/2004\/04\/16\/instituicoes-europeias-28\/"},"wordCount":150,"publisher":{"@id":"https:\/\/osmeusapontamentos.com\/#\/schema\/person\/d508df9c3ffc8b4e64a18dbf0ba18dd8"},"keywords":["europa","parlamento europeu"],"articleSection":["Ler\/ Ver\/ Ouvir\/ Passear"],"inLanguage":"pt-PT"},{"@type":"WebPage","@id":"https:\/\/osmeusapontamentos.com\/index.php\/2004\/04\/16\/instituicoes-europeias-28\/","url":"https:\/\/osmeusapontamentos.com\/index.php\/2004\/04\/16\/instituicoes-europeias-28\/","name":"Institui\u00e7\u00f5es Europeias 2\/8 - Os Meus Apontamentos","isPartOf":{"@id":"https:\/\/osmeusapontamentos.com\/#website"},"datePublished":"2004-04-16T14:19:22+00:00","breadcrumb":{"@id":"https:\/\/osmeusapontamentos.com\/index.php\/2004\/04\/16\/instituicoes-europeias-28\/#breadcrumb"},"inLanguage":"pt-PT","potentialAction":[{"@type":"ReadAction","target":["https:\/\/osmeusapontamentos.com\/index.php\/2004\/04\/16\/instituicoes-europeias-28\/"]}]},{"@type":"BreadcrumbList","@id":"https:\/\/osmeusapontamentos.com\/index.php\/2004\/04\/16\/instituicoes-europeias-28\/#breadcrumb","itemListElement":[{"@type":"ListItem","position":1,"name":"In\u00edcio","item":"https:\/\/osmeusapontamentos.com\/"},{"@type":"ListItem","position":2,"name":"Institui\u00e7\u00f5es Europeias 2\/8"}]},{"@type":"WebSite","@id":"https:\/\/osmeusapontamentos.com\/#website","url":"https:\/\/osmeusapontamentos.com\/","name":"Os Meus Apontamentos","description":"","publisher":{"@id":"https:\/\/osmeusapontamentos.com\/#\/schema\/person\/d508df9c3ffc8b4e64a18dbf0ba18dd8"},"potentialAction":[{"@type":"SearchAction","target":{"@type":"EntryPoint","urlTemplate":"https:\/\/osmeusapontamentos.com\/?s={search_term_string}"},"query-input":{"@type":"PropertyValueSpecification","valueRequired":true,"valueName":"search_term_string"}}],"inLanguage":"pt-PT"},{"@type":["Person","Organization"],"@id":"https:\/\/osmeusapontamentos.com\/#\/schema\/person\/d508df9c3ffc8b4e64a18dbf0ba18dd8","name":"Vitor Silva","image":{"@type":"ImageObject","inLanguage":"pt-PT","@id":"https:\/\/secure.gravatar.com\/avatar\/f81f58ad909e8a213ab0a690f6ed65e5c0e0e2274bf35ac49ff31d7988d483ce?s=96&d=mm&r=g","url":"https:\/\/secure.gravatar.com\/avatar\/f81f58ad909e8a213ab0a690f6ed65e5c0e0e2274bf35ac49ff31d7988d483ce?s=96&d=mm&r=g","contentUrl":"https:\/\/secure.gravatar.com\/avatar\/f81f58ad909e8a213ab0a690f6ed65e5c0e0e2274bf35ac49ff31d7988d483ce?s=96&d=mm&r=g","caption":"Vitor Silva"},"logo":{"@id":"https:\/\/secure.gravatar.com\/avatar\/f81f58ad909e8a213ab0a690f6ed65e5c0e0e2274bf35ac49ff31d7988d483ce?s=96&d=mm&r=g"},"sameAs":["https:\/\/www.linkedin.com\/in\/vitormrsilva","https:\/\/x.com\/vitorsilva"]}]}},"_links":{"self":[{"href":"https:\/\/osmeusapontamentos.com\/index.php\/wp-json\/wp\/v2\/posts\/115","targetHints":{"allow":["GET"]}}],"collection":[{"href":"https:\/\/osmeusapontamentos.com\/index.php\/wp-json\/wp\/v2\/posts"}],"about":[{"href":"https:\/\/osmeusapontamentos.com\/index.php\/wp-json\/wp\/v2\/types\/post"}],"author":[{"embeddable":true,"href":"https:\/\/osmeusapontamentos.com\/index.php\/wp-json\/wp\/v2\/users\/1"}],"replies":[{"embeddable":true,"href":"https:\/\/osmeusapontamentos.com\/index.php\/wp-json\/wp\/v2\/comments?post=115"}],"version-history":[{"count":0,"href":"https:\/\/osmeusapontamentos.com\/index.php\/wp-json\/wp\/v2\/posts\/115\/revisions"}],"wp:attachment":[{"href":"https:\/\/osmeusapontamentos.com\/index.php\/wp-json\/wp\/v2\/media?parent=115"}],"wp:term":[{"taxonomy":"category","embeddable":true,"href":"https:\/\/osmeusapontamentos.com\/index.php\/wp-json\/wp\/v2\/categories?post=115"},{"taxonomy":"post_tag","embeddable":true,"href":"https:\/\/osmeusapontamentos.com\/index.php\/wp-json\/wp\/v2\/tags?post=115"}],"curies":[{"name":"wp","href":"https:\/\/api.w.org\/{rel}","templated":true}]}}