{"id":1062,"date":"2009-01-16T12:52:54","date_gmt":"2009-01-16T12:52:54","guid":{"rendered":"http:\/\/osmeusapontamentos.com\/?p=1062"},"modified":"2009-01-16T12:52:54","modified_gmt":"2009-01-16T12:52:54","slug":"o-jardim-do-marques","status":"publish","type":"post","link":"https:\/\/osmeusapontamentos.com\/index.php\/2009\/01\/16\/o-jardim-do-marques\/","title":{"rendered":"O Jardim do Marqu\u00eas"},"content":{"rendered":"<p>Como utilizador di\u00e1rio da esta\u00e7\u00e3o de Metro do Marqu\u00eas tenho o privil\u00e9gio de passar pelo seu jardim pelo menos duas vezes por dia. De manh\u00e3 com um andar mais apressado e, ao fim do dia com mais tempo e por isso com mais calma para apreciar o jardim.<\/p>\n<p>Independentemente de achar que o jardim est\u00e1 melhor ou pior do que antes da <a href=\"http:\/\/dias-sem-arvores.blogspot.com\/2005\/06\/saudades-do-marqus.html\">interven\u00e7\u00e3o do Metro<\/a>, a minha opini\u00e3o \u00e9 que actualmente o jardim do Marqu\u00eas \u00e9 um sitio agrad\u00e1vel. <a href=\"http:\/\/dias-com-arvores.blogspot.com\/2007\/04\/vinca-que-no-vinga.html\">Finalmente parece que acertaram no tipo de vegeta\u00e7\u00e3o<\/a> que deviam por l\u00e1 e assim o verde j\u00e1 come\u00e7a a cor dominante.<\/p>\n<p>Uma sugest\u00e3o no entanto. Porque n\u00e3o abrirem uma passagem directa entre a entrada Norte do Metro e a parte interior do jardim?<\/p>\n<p>Se virmos a imagem em baixo, que representa os percursos interiores do jardim, percebemos que quem vem do lado Oeste do jardim tem que fazer um percurso muito pouco natural para aceder \u00e0 entrada do Metro. Ou contorna exteriormente todo o jardim, ou ent\u00e3o (ainda n\u00e3o descobri qual \u00e9 o mais r\u00e1pido) entra no jardim, contorna interiormente o coreto que ainda est\u00e1 no topo norte e volta a sair do jardim para depois ent\u00e3o aceder \u00e0 entrada do Metro.<\/p>\n<p><a href=\"http:\/\/www.google.com\/maps?ie=UTF8&amp;ll=41.161383,-8.60429&amp;spn=0.002383,0.005686&amp;t=h&amp;z=18&amp;lci=lmc:panoramio,lmc:youtube&amp;iwloc=lyrftr:lmc:panoramio,5585449476778684301,41.160641,-8.604537\"><img decoding=\"async\" style=\"margin:5px\" src=\"\/img\/marques.png\" alt=\"\" align=\"left\" \/><\/a><\/p>\n<p>\u00c9 um percurso, a meu ver, desnecessariamente complicado e que, podemos argumentar, com mais ou menos civilidade tem sido resolvido pelo simples atravessamento do pequeno jardim que separa o interior do jardim e a entrada do Metro (representado a tracejado).<\/p>\n<p>Como disse podemos olhar para isto como uma simples quest\u00e3o de urbanidade. Mas tamb\u00e9m podemos encar\u00e1-la a partir da perspectiva do projecto. Ser\u00e1 que quem projectou o jardim percebeu as caracter\u00edsticas da sua utiliza\u00e7\u00e3o habitual? Pelo desenho sim\u00e9trico do jardim diria que isso n\u00e3o foi totalmente considerado, o que n\u00e3o \u00e9 drama nenhum se optarem por resolver esse problema.<\/p>\n<p>Durante o \u00faltimo ano vi v\u00e1rias tentativas de resolver essa quest\u00e3o. Primeiro colocando um arame junto \u00e0 entrada do Metro que impossibilitava a passagem das pessoas, depois envolvendo esse arame com uma fita pl\u00e1stica colorida, provavelmente para lhe dar mais visibilidade e finalmente h\u00e1 uns tempos com a coloca\u00e7\u00e3o do que me parecem ser umas rosas brancas nessa zona.<\/p>\n<p>Ou seja o que as pessoas que tratam o jardim est\u00e3o a fazer \u00e9 tornar um percurso \u00f3bvio cada vez mais desconfort\u00e1vel de forma a tentar convencer os seus utilizadores que esta pr\u00e1tica, de passar por cima da relva para poupar uns segundos n\u00e3o, \u00e9 aceit\u00e1vel. Mas eu diria que este di\u00e1logo em diferido s\u00f3 ir\u00e1 ter o resultado que quem trata o jardim quer quando puserem algo que seja visto como absolutamente intranspon\u00edvel como um muro de cimento em vez do actual muro verde tipo sebe.<\/p>\n<p>Entretanto vamos tendo um jardim no geral bem arranjado excepto junto a essa entrada onde um conjunto de arames, pl\u00e1stico e relva calcada d\u00e1 uma impress\u00e3o geral negativa.<\/p>\n<p>N\u00e3o era mais r\u00e1pido e mais barato abrirem simplesmente uma passagem directa entre a sa\u00edda do Metro e a parte interior do jardim?<\/p>\n","protected":false},"excerpt":{"rendered":"<p>Como utilizador di\u00e1rio da esta\u00e7\u00e3o de Metro do Marqu\u00eas tenho o privil\u00e9gio de passar pelo seu jardim pelo menos duas vezes por dia. De manh\u00e3 com um andar mais apressado e, ao fim do dia com mais tempo e por isso com mais calma para apreciar o jardim. Independentemente de achar que o jardim est\u00e1 [&hellip;]<\/p>\n","protected":false},"author":1,"featured_media":0,"comment_status":"open","ping_status":"open","sticky":false,"template":"","format":"standard","meta":{"footnotes":""},"categories":[7],"tags":[395,498,524],"class_list":["post-1062","post","type-post","status-publish","format-standard","hentry","category-ler-ver-ouvir-passear","tag-marques","tag-pensar","tag-porto"],"yoast_head":"<!-- This site is optimized with the Yoast SEO plugin v27.5 - https:\/\/yoast.com\/product\/yoast-seo-wordpress\/ -->\n<title>O Jardim do Marqu\u00eas - Os Meus Apontamentos<\/title>\n<meta name=\"robots\" content=\"index, follow, max-snippet:-1, max-image-preview:large, max-video-preview:-1\" \/>\n<link rel=\"canonical\" href=\"https:\/\/osmeusapontamentos.com\/index.php\/2009\/01\/16\/o-jardim-do-marques\/\" \/>\n<meta property=\"og:locale\" content=\"pt_PT\" \/>\n<meta property=\"og:type\" content=\"article\" \/>\n<meta property=\"og:title\" content=\"O Jardim do Marqu\u00eas - Os Meus Apontamentos\" \/>\n<meta property=\"og:description\" content=\"Como utilizador di\u00e1rio da esta\u00e7\u00e3o de Metro do Marqu\u00eas tenho o privil\u00e9gio de passar pelo seu jardim pelo menos duas vezes por dia. De manh\u00e3 com um andar mais apressado e, ao fim do dia com mais tempo e por isso com mais calma para apreciar o jardim. Independentemente de achar que o jardim est\u00e1 [&hellip;]\" \/>\n<meta property=\"og:url\" content=\"https:\/\/osmeusapontamentos.com\/index.php\/2009\/01\/16\/o-jardim-do-marques\/\" \/>\n<meta property=\"og:site_name\" content=\"Os Meus Apontamentos\" \/>\n<meta property=\"article:published_time\" content=\"2009-01-16T12:52:54+00:00\" \/>\n<meta property=\"og:image\" content=\"https:\/\/osmeusapontamentos.com\/img\/marques.png\" \/>\n<meta name=\"author\" content=\"Vitor Silva\" \/>\n<meta name=\"twitter:card\" content=\"summary_large_image\" \/>\n<meta name=\"twitter:creator\" content=\"@vitorsilva\" \/>\n<meta name=\"twitter:site\" content=\"@vitorsilva\" \/>\n<meta name=\"twitter:label1\" content=\"Escrito por\" \/>\n\t<meta name=\"twitter:data1\" content=\"Vitor Silva\" \/>\n\t<meta name=\"twitter:label2\" content=\"Tempo estimado de leitura\" \/>\n\t<meta name=\"twitter:data2\" content=\"3 minutos\" \/>\n<script type=\"application\/ld+json\" class=\"yoast-schema-graph\">{\"@context\":\"https:\\\/\\\/schema.org\",\"@graph\":[{\"@type\":\"Article\",\"@id\":\"https:\\\/\\\/osmeusapontamentos.com\\\/index.php\\\/2009\\\/01\\\/16\\\/o-jardim-do-marques\\\/#article\",\"isPartOf\":{\"@id\":\"https:\\\/\\\/osmeusapontamentos.com\\\/index.php\\\/2009\\\/01\\\/16\\\/o-jardim-do-marques\\\/\"},\"author\":{\"name\":\"Vitor Silva\",\"@id\":\"https:\\\/\\\/osmeusapontamentos.com\\\/#\\\/schema\\\/person\\\/d508df9c3ffc8b4e64a18dbf0ba18dd8\"},\"headline\":\"O Jardim do Marqu\u00eas\",\"datePublished\":\"2009-01-16T12:52:54+00:00\",\"mainEntityOfPage\":{\"@id\":\"https:\\\/\\\/osmeusapontamentos.com\\\/index.php\\\/2009\\\/01\\\/16\\\/o-jardim-do-marques\\\/\"},\"wordCount\":532,\"commentCount\":0,\"publisher\":{\"@id\":\"https:\\\/\\\/osmeusapontamentos.com\\\/#\\\/schema\\\/person\\\/d508df9c3ffc8b4e64a18dbf0ba18dd8\"},\"keywords\":[\"marqu\u00eas\",\"pensar\",\"porto\"],\"articleSection\":[\"Ler\\\/ Ver\\\/ Ouvir\\\/ Passear\"],\"inLanguage\":\"pt-PT\",\"potentialAction\":[{\"@type\":\"CommentAction\",\"name\":\"Comment\",\"target\":[\"https:\\\/\\\/osmeusapontamentos.com\\\/index.php\\\/2009\\\/01\\\/16\\\/o-jardim-do-marques\\\/#respond\"]}]},{\"@type\":\"WebPage\",\"@id\":\"https:\\\/\\\/osmeusapontamentos.com\\\/index.php\\\/2009\\\/01\\\/16\\\/o-jardim-do-marques\\\/\",\"url\":\"https:\\\/\\\/osmeusapontamentos.com\\\/index.php\\\/2009\\\/01\\\/16\\\/o-jardim-do-marques\\\/\",\"name\":\"O Jardim do Marqu\u00eas - Os Meus Apontamentos\",\"isPartOf\":{\"@id\":\"https:\\\/\\\/osmeusapontamentos.com\\\/#website\"},\"datePublished\":\"2009-01-16T12:52:54+00:00\",\"breadcrumb\":{\"@id\":\"https:\\\/\\\/osmeusapontamentos.com\\\/index.php\\\/2009\\\/01\\\/16\\\/o-jardim-do-marques\\\/#breadcrumb\"},\"inLanguage\":\"pt-PT\",\"potentialAction\":[{\"@type\":\"ReadAction\",\"target\":[\"https:\\\/\\\/osmeusapontamentos.com\\\/index.php\\\/2009\\\/01\\\/16\\\/o-jardim-do-marques\\\/\"]}]},{\"@type\":\"BreadcrumbList\",\"@id\":\"https:\\\/\\\/osmeusapontamentos.com\\\/index.php\\\/2009\\\/01\\\/16\\\/o-jardim-do-marques\\\/#breadcrumb\",\"itemListElement\":[{\"@type\":\"ListItem\",\"position\":1,\"name\":\"In\u00edcio\",\"item\":\"https:\\\/\\\/osmeusapontamentos.com\\\/\"},{\"@type\":\"ListItem\",\"position\":2,\"name\":\"O Jardim do Marqu\u00eas\"}]},{\"@type\":\"WebSite\",\"@id\":\"https:\\\/\\\/osmeusapontamentos.com\\\/#website\",\"url\":\"https:\\\/\\\/osmeusapontamentos.com\\\/\",\"name\":\"Os Meus Apontamentos\",\"description\":\"\",\"publisher\":{\"@id\":\"https:\\\/\\\/osmeusapontamentos.com\\\/#\\\/schema\\\/person\\\/d508df9c3ffc8b4e64a18dbf0ba18dd8\"},\"potentialAction\":[{\"@type\":\"SearchAction\",\"target\":{\"@type\":\"EntryPoint\",\"urlTemplate\":\"https:\\\/\\\/osmeusapontamentos.com\\\/?s={search_term_string}\"},\"query-input\":{\"@type\":\"PropertyValueSpecification\",\"valueRequired\":true,\"valueName\":\"search_term_string\"}}],\"inLanguage\":\"pt-PT\"},{\"@type\":[\"Person\",\"Organization\"],\"@id\":\"https:\\\/\\\/osmeusapontamentos.com\\\/#\\\/schema\\\/person\\\/d508df9c3ffc8b4e64a18dbf0ba18dd8\",\"name\":\"Vitor Silva\",\"image\":{\"@type\":\"ImageObject\",\"inLanguage\":\"pt-PT\",\"@id\":\"https:\\\/\\\/secure.gravatar.com\\\/avatar\\\/f81f58ad909e8a213ab0a690f6ed65e5c0e0e2274bf35ac49ff31d7988d483ce?s=96&d=mm&r=g\",\"url\":\"https:\\\/\\\/secure.gravatar.com\\\/avatar\\\/f81f58ad909e8a213ab0a690f6ed65e5c0e0e2274bf35ac49ff31d7988d483ce?s=96&d=mm&r=g\",\"contentUrl\":\"https:\\\/\\\/secure.gravatar.com\\\/avatar\\\/f81f58ad909e8a213ab0a690f6ed65e5c0e0e2274bf35ac49ff31d7988d483ce?s=96&d=mm&r=g\",\"caption\":\"Vitor Silva\"},\"logo\":{\"@id\":\"https:\\\/\\\/secure.gravatar.com\\\/avatar\\\/f81f58ad909e8a213ab0a690f6ed65e5c0e0e2274bf35ac49ff31d7988d483ce?s=96&d=mm&r=g\"},\"sameAs\":[\"https:\\\/\\\/www.linkedin.com\\\/in\\\/vitormrsilva\",\"https:\\\/\\\/x.com\\\/vitorsilva\"]}]}<\/script>\n<!-- \/ Yoast SEO plugin. -->","yoast_head_json":{"title":"O Jardim do Marqu\u00eas - Os Meus Apontamentos","robots":{"index":"index","follow":"follow","max-snippet":"max-snippet:-1","max-image-preview":"max-image-preview:large","max-video-preview":"max-video-preview:-1"},"canonical":"https:\/\/osmeusapontamentos.com\/index.php\/2009\/01\/16\/o-jardim-do-marques\/","og_locale":"pt_PT","og_type":"article","og_title":"O Jardim do Marqu\u00eas - Os Meus Apontamentos","og_description":"Como utilizador di\u00e1rio da esta\u00e7\u00e3o de Metro do Marqu\u00eas tenho o privil\u00e9gio de passar pelo seu jardim pelo menos duas vezes por dia. De manh\u00e3 com um andar mais apressado e, ao fim do dia com mais tempo e por isso com mais calma para apreciar o jardim. Independentemente de achar que o jardim est\u00e1 [&hellip;]","og_url":"https:\/\/osmeusapontamentos.com\/index.php\/2009\/01\/16\/o-jardim-do-marques\/","og_site_name":"Os Meus Apontamentos","article_published_time":"2009-01-16T12:52:54+00:00","og_image":[{"url":"https:\/\/osmeusapontamentos.com\/img\/marques.png","type":"","width":"","height":""}],"author":"Vitor Silva","twitter_card":"summary_large_image","twitter_creator":"@vitorsilva","twitter_site":"@vitorsilva","twitter_misc":{"Escrito por":"Vitor Silva","Tempo estimado de leitura":"3 minutos"},"schema":{"@context":"https:\/\/schema.org","@graph":[{"@type":"Article","@id":"https:\/\/osmeusapontamentos.com\/index.php\/2009\/01\/16\/o-jardim-do-marques\/#article","isPartOf":{"@id":"https:\/\/osmeusapontamentos.com\/index.php\/2009\/01\/16\/o-jardim-do-marques\/"},"author":{"name":"Vitor Silva","@id":"https:\/\/osmeusapontamentos.com\/#\/schema\/person\/d508df9c3ffc8b4e64a18dbf0ba18dd8"},"headline":"O Jardim do Marqu\u00eas","datePublished":"2009-01-16T12:52:54+00:00","mainEntityOfPage":{"@id":"https:\/\/osmeusapontamentos.com\/index.php\/2009\/01\/16\/o-jardim-do-marques\/"},"wordCount":532,"commentCount":0,"publisher":{"@id":"https:\/\/osmeusapontamentos.com\/#\/schema\/person\/d508df9c3ffc8b4e64a18dbf0ba18dd8"},"keywords":["marqu\u00eas","pensar","porto"],"articleSection":["Ler\/ Ver\/ Ouvir\/ Passear"],"inLanguage":"pt-PT","potentialAction":[{"@type":"CommentAction","name":"Comment","target":["https:\/\/osmeusapontamentos.com\/index.php\/2009\/01\/16\/o-jardim-do-marques\/#respond"]}]},{"@type":"WebPage","@id":"https:\/\/osmeusapontamentos.com\/index.php\/2009\/01\/16\/o-jardim-do-marques\/","url":"https:\/\/osmeusapontamentos.com\/index.php\/2009\/01\/16\/o-jardim-do-marques\/","name":"O Jardim do Marqu\u00eas - Os Meus Apontamentos","isPartOf":{"@id":"https:\/\/osmeusapontamentos.com\/#website"},"datePublished":"2009-01-16T12:52:54+00:00","breadcrumb":{"@id":"https:\/\/osmeusapontamentos.com\/index.php\/2009\/01\/16\/o-jardim-do-marques\/#breadcrumb"},"inLanguage":"pt-PT","potentialAction":[{"@type":"ReadAction","target":["https:\/\/osmeusapontamentos.com\/index.php\/2009\/01\/16\/o-jardim-do-marques\/"]}]},{"@type":"BreadcrumbList","@id":"https:\/\/osmeusapontamentos.com\/index.php\/2009\/01\/16\/o-jardim-do-marques\/#breadcrumb","itemListElement":[{"@type":"ListItem","position":1,"name":"In\u00edcio","item":"https:\/\/osmeusapontamentos.com\/"},{"@type":"ListItem","position":2,"name":"O Jardim do Marqu\u00eas"}]},{"@type":"WebSite","@id":"https:\/\/osmeusapontamentos.com\/#website","url":"https:\/\/osmeusapontamentos.com\/","name":"Os Meus Apontamentos","description":"","publisher":{"@id":"https:\/\/osmeusapontamentos.com\/#\/schema\/person\/d508df9c3ffc8b4e64a18dbf0ba18dd8"},"potentialAction":[{"@type":"SearchAction","target":{"@type":"EntryPoint","urlTemplate":"https:\/\/osmeusapontamentos.com\/?s={search_term_string}"},"query-input":{"@type":"PropertyValueSpecification","valueRequired":true,"valueName":"search_term_string"}}],"inLanguage":"pt-PT"},{"@type":["Person","Organization"],"@id":"https:\/\/osmeusapontamentos.com\/#\/schema\/person\/d508df9c3ffc8b4e64a18dbf0ba18dd8","name":"Vitor Silva","image":{"@type":"ImageObject","inLanguage":"pt-PT","@id":"https:\/\/secure.gravatar.com\/avatar\/f81f58ad909e8a213ab0a690f6ed65e5c0e0e2274bf35ac49ff31d7988d483ce?s=96&d=mm&r=g","url":"https:\/\/secure.gravatar.com\/avatar\/f81f58ad909e8a213ab0a690f6ed65e5c0e0e2274bf35ac49ff31d7988d483ce?s=96&d=mm&r=g","contentUrl":"https:\/\/secure.gravatar.com\/avatar\/f81f58ad909e8a213ab0a690f6ed65e5c0e0e2274bf35ac49ff31d7988d483ce?s=96&d=mm&r=g","caption":"Vitor Silva"},"logo":{"@id":"https:\/\/secure.gravatar.com\/avatar\/f81f58ad909e8a213ab0a690f6ed65e5c0e0e2274bf35ac49ff31d7988d483ce?s=96&d=mm&r=g"},"sameAs":["https:\/\/www.linkedin.com\/in\/vitormrsilva","https:\/\/x.com\/vitorsilva"]}]}},"_links":{"self":[{"href":"https:\/\/osmeusapontamentos.com\/index.php\/wp-json\/wp\/v2\/posts\/1062","targetHints":{"allow":["GET"]}}],"collection":[{"href":"https:\/\/osmeusapontamentos.com\/index.php\/wp-json\/wp\/v2\/posts"}],"about":[{"href":"https:\/\/osmeusapontamentos.com\/index.php\/wp-json\/wp\/v2\/types\/post"}],"author":[{"embeddable":true,"href":"https:\/\/osmeusapontamentos.com\/index.php\/wp-json\/wp\/v2\/users\/1"}],"replies":[{"embeddable":true,"href":"https:\/\/osmeusapontamentos.com\/index.php\/wp-json\/wp\/v2\/comments?post=1062"}],"version-history":[{"count":0,"href":"https:\/\/osmeusapontamentos.com\/index.php\/wp-json\/wp\/v2\/posts\/1062\/revisions"}],"wp:attachment":[{"href":"https:\/\/osmeusapontamentos.com\/index.php\/wp-json\/wp\/v2\/media?parent=1062"}],"wp:term":[{"taxonomy":"category","embeddable":true,"href":"https:\/\/osmeusapontamentos.com\/index.php\/wp-json\/wp\/v2\/categories?post=1062"},{"taxonomy":"post_tag","embeddable":true,"href":"https:\/\/osmeusapontamentos.com\/index.php\/wp-json\/wp\/v2\/tags?post=1062"}],"curies":[{"name":"wp","href":"https:\/\/api.w.org\/{rel}","templated":true}]}}