{"id":1010,"date":"2008-12-21T14:16:46","date_gmt":"2008-12-21T14:16:46","guid":{"rendered":"http:\/\/osmeusapontamentos.com\/?p=1010"},"modified":"2008-12-21T14:16:46","modified_gmt":"2008-12-21T14:16:46","slug":"como-eu-defino-os-podcasts","status":"publish","type":"post","link":"https:\/\/osmeusapontamentos.com\/index.php\/2008\/12\/21\/como-eu-defino-os-podcasts\/","title":{"rendered":"como eu defino os podcasts"},"content":{"rendered":"<p>O podcast \u00e9 no essencial um conceito que tem duas vertentes: conte\u00fado e forma de dissemina\u00e7\u00e3o.<\/p>\n<p>Em rela\u00e7\u00e3o ao conte\u00fado ele \u00e9 originalmente audio embora actualmente j\u00e1 haja podcasts video. imagina basicamente um programa de radio ou de televis\u00e3o. esse \u00e9 o conte\u00fado. nada de particularmente revolucion\u00e1rio pensas tu&#8230; e com raz\u00e3o.<\/p>\n<p>O que faz a diferen\u00e7a \u00e9 a forma de dissemina\u00e7\u00e3o. enquanto que nos conte\u00fados dos meios de comunica\u00e7\u00e3o tradicionais tu tens que ir sempre \u00e0 procura desses conte\u00fados e s\u00f3 os podes consumir no hor\u00e1rio em que esses media acharem melhor (tanto pode ser \u00e0s 20h ou \u00e0s 02h) para al\u00e9m de te obrigar (no caso da tv) a uma disponibildade fisica de estar sentada em frente \u00e0 televis\u00e3o, o podcast \u00e9 algo que podes subscrever, ou seja dizer que queres passar a acompanhar, e um programa no teu computador trata de verificar periodicamente se h\u00e1 novos conte\u00fados disponiveis.<br \/>\nOu seja deixas de ter que procurar os conte\u00fados para eles passarem a ir ter contigo.<br \/>\nE com um qualquer leitor de mp3 tens esses conteudos disponiveis para serem consumidos a qualquer hora.<\/p>\n<p>Para mim foi sem duvida algo de transformador j\u00e1 que, de um momento para o outro, deixei de ter tempos mortos no meu dia-a-dia&#8230; qualquer hora \u00e9 uma boa hora para ouvir qualquer coisa nova. (claro que agora j\u00e1 me apercebi que d\u00e1 jeito ter tempos alguns mortos para o teu c\u00e9rebro conseguir processar toda essa informa\u00e7\u00e3o e poderes pensar noutras coisas.<br \/>\nEu n\u00e3o sei qual \u00e9 a tua \u00e1rea profissional mas na minha, a nivel de conte\u00fados portugueses, n\u00e3o h\u00e1 assim tanta coisa e, como disse, poder passar a ouvir palestras dadas na universidade de stanford, ou conferencias de tecnologia, ou sobre quest\u00f5es sociais (como o poptech =&gt; d\u00e1 uma vista de olhos em www.poptech.com) foi realmente transformador.<\/p>\n<p>S\u00f3 mais outra coisa que n\u00e3o \u00e9 dispicienda. \u00c9 que com a tecnologia que quase qualquer pessoa tem hoje em dia, qualquer um pode fazer o seu podcast. e um dos meus objectivos em rela\u00e7\u00e3o a iniciar um podcast \u00e9 precisamente trazer para a internet as vozes das pessoas que s\u00e3o interessantes e que ainda s\u00f3 est\u00e3o no mundo fisico. pela raz\u00e3o de que no mundo virtual \u00e9 muito dificil as ideias desaparecerem. depois de estar online esses conte\u00fados ganham vida pr\u00f3pria, n\u00e3o ficam dependentes do seu mentor inicial e por isso n\u00e3o desaparecem com ele, nem dependem da sua capacidade de publicita\u00e7\u00e3o para serem descobertas.<\/p>\n","protected":false},"excerpt":{"rendered":"<p>O podcast \u00e9 no essencial um conceito que tem duas vertentes: conte\u00fado e forma de dissemina\u00e7\u00e3o. Em rela\u00e7\u00e3o ao conte\u00fado ele \u00e9 originalmente audio embora actualmente j\u00e1 haja podcasts video. imagina basicamente um programa de radio ou de televis\u00e3o. esse \u00e9 o conte\u00fado. nada de particularmente revolucion\u00e1rio pensas tu&#8230; e com raz\u00e3o. O que faz [&hellip;]<\/p>\n","protected":false},"author":1,"featured_media":0,"comment_status":"open","ping_status":"open","sticky":false,"template":"","format":"standard","meta":{"footnotes":""},"categories":[7],"tags":[516],"class_list":["post-1010","post","type-post","status-publish","format-standard","hentry","category-ler-ver-ouvir-passear","tag-podcast"],"yoast_head":"<!-- This site is optimized with the Yoast SEO plugin v27.5 - https:\/\/yoast.com\/product\/yoast-seo-wordpress\/ -->\n<title>como eu defino os podcasts - Os Meus Apontamentos<\/title>\n<meta name=\"robots\" content=\"index, follow, max-snippet:-1, max-image-preview:large, max-video-preview:-1\" \/>\n<link rel=\"canonical\" href=\"https:\/\/osmeusapontamentos.com\/index.php\/2008\/12\/21\/como-eu-defino-os-podcasts\/\" \/>\n<meta property=\"og:locale\" content=\"pt_PT\" \/>\n<meta property=\"og:type\" content=\"article\" \/>\n<meta property=\"og:title\" content=\"como eu defino os podcasts - Os Meus Apontamentos\" \/>\n<meta property=\"og:description\" content=\"O podcast \u00e9 no essencial um conceito que tem duas vertentes: conte\u00fado e forma de dissemina\u00e7\u00e3o. Em rela\u00e7\u00e3o ao conte\u00fado ele \u00e9 originalmente audio embora actualmente j\u00e1 haja podcasts video. imagina basicamente um programa de radio ou de televis\u00e3o. esse \u00e9 o conte\u00fado. nada de particularmente revolucion\u00e1rio pensas tu&#8230; e com raz\u00e3o. O que faz [&hellip;]\" \/>\n<meta property=\"og:url\" content=\"https:\/\/osmeusapontamentos.com\/index.php\/2008\/12\/21\/como-eu-defino-os-podcasts\/\" \/>\n<meta property=\"og:site_name\" content=\"Os Meus Apontamentos\" \/>\n<meta property=\"article:published_time\" content=\"2008-12-21T14:16:46+00:00\" \/>\n<meta name=\"author\" content=\"Vitor Silva\" \/>\n<meta name=\"twitter:card\" content=\"summary_large_image\" \/>\n<meta name=\"twitter:creator\" content=\"@vitorsilva\" \/>\n<meta name=\"twitter:site\" content=\"@vitorsilva\" \/>\n<meta name=\"twitter:label1\" content=\"Escrito por\" \/>\n\t<meta name=\"twitter:data1\" content=\"Vitor Silva\" \/>\n\t<meta name=\"twitter:label2\" content=\"Tempo estimado de leitura\" \/>\n\t<meta name=\"twitter:data2\" content=\"2 minutos\" \/>\n<script type=\"application\/ld+json\" class=\"yoast-schema-graph\">{\"@context\":\"https:\\\/\\\/schema.org\",\"@graph\":[{\"@type\":\"Article\",\"@id\":\"https:\\\/\\\/osmeusapontamentos.com\\\/index.php\\\/2008\\\/12\\\/21\\\/como-eu-defino-os-podcasts\\\/#article\",\"isPartOf\":{\"@id\":\"https:\\\/\\\/osmeusapontamentos.com\\\/index.php\\\/2008\\\/12\\\/21\\\/como-eu-defino-os-podcasts\\\/\"},\"author\":{\"name\":\"Vitor Silva\",\"@id\":\"https:\\\/\\\/osmeusapontamentos.com\\\/#\\\/schema\\\/person\\\/d508df9c3ffc8b4e64a18dbf0ba18dd8\"},\"headline\":\"como eu defino os podcasts\",\"datePublished\":\"2008-12-21T14:16:46+00:00\",\"mainEntityOfPage\":{\"@id\":\"https:\\\/\\\/osmeusapontamentos.com\\\/index.php\\\/2008\\\/12\\\/21\\\/como-eu-defino-os-podcasts\\\/\"},\"wordCount\":437,\"commentCount\":0,\"publisher\":{\"@id\":\"https:\\\/\\\/osmeusapontamentos.com\\\/#\\\/schema\\\/person\\\/d508df9c3ffc8b4e64a18dbf0ba18dd8\"},\"keywords\":[\"podcast\"],\"articleSection\":[\"Ler\\\/ Ver\\\/ Ouvir\\\/ Passear\"],\"inLanguage\":\"pt-PT\",\"potentialAction\":[{\"@type\":\"CommentAction\",\"name\":\"Comment\",\"target\":[\"https:\\\/\\\/osmeusapontamentos.com\\\/index.php\\\/2008\\\/12\\\/21\\\/como-eu-defino-os-podcasts\\\/#respond\"]}]},{\"@type\":\"WebPage\",\"@id\":\"https:\\\/\\\/osmeusapontamentos.com\\\/index.php\\\/2008\\\/12\\\/21\\\/como-eu-defino-os-podcasts\\\/\",\"url\":\"https:\\\/\\\/osmeusapontamentos.com\\\/index.php\\\/2008\\\/12\\\/21\\\/como-eu-defino-os-podcasts\\\/\",\"name\":\"como eu defino os podcasts - Os Meus Apontamentos\",\"isPartOf\":{\"@id\":\"https:\\\/\\\/osmeusapontamentos.com\\\/#website\"},\"datePublished\":\"2008-12-21T14:16:46+00:00\",\"breadcrumb\":{\"@id\":\"https:\\\/\\\/osmeusapontamentos.com\\\/index.php\\\/2008\\\/12\\\/21\\\/como-eu-defino-os-podcasts\\\/#breadcrumb\"},\"inLanguage\":\"pt-PT\",\"potentialAction\":[{\"@type\":\"ReadAction\",\"target\":[\"https:\\\/\\\/osmeusapontamentos.com\\\/index.php\\\/2008\\\/12\\\/21\\\/como-eu-defino-os-podcasts\\\/\"]}]},{\"@type\":\"BreadcrumbList\",\"@id\":\"https:\\\/\\\/osmeusapontamentos.com\\\/index.php\\\/2008\\\/12\\\/21\\\/como-eu-defino-os-podcasts\\\/#breadcrumb\",\"itemListElement\":[{\"@type\":\"ListItem\",\"position\":1,\"name\":\"In\u00edcio\",\"item\":\"https:\\\/\\\/osmeusapontamentos.com\\\/\"},{\"@type\":\"ListItem\",\"position\":2,\"name\":\"como eu defino os podcasts\"}]},{\"@type\":\"WebSite\",\"@id\":\"https:\\\/\\\/osmeusapontamentos.com\\\/#website\",\"url\":\"https:\\\/\\\/osmeusapontamentos.com\\\/\",\"name\":\"Os Meus Apontamentos\",\"description\":\"\",\"publisher\":{\"@id\":\"https:\\\/\\\/osmeusapontamentos.com\\\/#\\\/schema\\\/person\\\/d508df9c3ffc8b4e64a18dbf0ba18dd8\"},\"potentialAction\":[{\"@type\":\"SearchAction\",\"target\":{\"@type\":\"EntryPoint\",\"urlTemplate\":\"https:\\\/\\\/osmeusapontamentos.com\\\/?s={search_term_string}\"},\"query-input\":{\"@type\":\"PropertyValueSpecification\",\"valueRequired\":true,\"valueName\":\"search_term_string\"}}],\"inLanguage\":\"pt-PT\"},{\"@type\":[\"Person\",\"Organization\"],\"@id\":\"https:\\\/\\\/osmeusapontamentos.com\\\/#\\\/schema\\\/person\\\/d508df9c3ffc8b4e64a18dbf0ba18dd8\",\"name\":\"Vitor Silva\",\"image\":{\"@type\":\"ImageObject\",\"inLanguage\":\"pt-PT\",\"@id\":\"https:\\\/\\\/secure.gravatar.com\\\/avatar\\\/f81f58ad909e8a213ab0a690f6ed65e5c0e0e2274bf35ac49ff31d7988d483ce?s=96&d=mm&r=g\",\"url\":\"https:\\\/\\\/secure.gravatar.com\\\/avatar\\\/f81f58ad909e8a213ab0a690f6ed65e5c0e0e2274bf35ac49ff31d7988d483ce?s=96&d=mm&r=g\",\"contentUrl\":\"https:\\\/\\\/secure.gravatar.com\\\/avatar\\\/f81f58ad909e8a213ab0a690f6ed65e5c0e0e2274bf35ac49ff31d7988d483ce?s=96&d=mm&r=g\",\"caption\":\"Vitor Silva\"},\"logo\":{\"@id\":\"https:\\\/\\\/secure.gravatar.com\\\/avatar\\\/f81f58ad909e8a213ab0a690f6ed65e5c0e0e2274bf35ac49ff31d7988d483ce?s=96&d=mm&r=g\"},\"sameAs\":[\"https:\\\/\\\/www.linkedin.com\\\/in\\\/vitormrsilva\",\"https:\\\/\\\/x.com\\\/vitorsilva\"]}]}<\/script>\n<!-- \/ Yoast SEO plugin. -->","yoast_head_json":{"title":"como eu defino os podcasts - Os Meus Apontamentos","robots":{"index":"index","follow":"follow","max-snippet":"max-snippet:-1","max-image-preview":"max-image-preview:large","max-video-preview":"max-video-preview:-1"},"canonical":"https:\/\/osmeusapontamentos.com\/index.php\/2008\/12\/21\/como-eu-defino-os-podcasts\/","og_locale":"pt_PT","og_type":"article","og_title":"como eu defino os podcasts - Os Meus Apontamentos","og_description":"O podcast \u00e9 no essencial um conceito que tem duas vertentes: conte\u00fado e forma de dissemina\u00e7\u00e3o. Em rela\u00e7\u00e3o ao conte\u00fado ele \u00e9 originalmente audio embora actualmente j\u00e1 haja podcasts video. imagina basicamente um programa de radio ou de televis\u00e3o. esse \u00e9 o conte\u00fado. nada de particularmente revolucion\u00e1rio pensas tu&#8230; e com raz\u00e3o. O que faz [&hellip;]","og_url":"https:\/\/osmeusapontamentos.com\/index.php\/2008\/12\/21\/como-eu-defino-os-podcasts\/","og_site_name":"Os Meus Apontamentos","article_published_time":"2008-12-21T14:16:46+00:00","author":"Vitor Silva","twitter_card":"summary_large_image","twitter_creator":"@vitorsilva","twitter_site":"@vitorsilva","twitter_misc":{"Escrito por":"Vitor Silva","Tempo estimado de leitura":"2 minutos"},"schema":{"@context":"https:\/\/schema.org","@graph":[{"@type":"Article","@id":"https:\/\/osmeusapontamentos.com\/index.php\/2008\/12\/21\/como-eu-defino-os-podcasts\/#article","isPartOf":{"@id":"https:\/\/osmeusapontamentos.com\/index.php\/2008\/12\/21\/como-eu-defino-os-podcasts\/"},"author":{"name":"Vitor Silva","@id":"https:\/\/osmeusapontamentos.com\/#\/schema\/person\/d508df9c3ffc8b4e64a18dbf0ba18dd8"},"headline":"como eu defino os podcasts","datePublished":"2008-12-21T14:16:46+00:00","mainEntityOfPage":{"@id":"https:\/\/osmeusapontamentos.com\/index.php\/2008\/12\/21\/como-eu-defino-os-podcasts\/"},"wordCount":437,"commentCount":0,"publisher":{"@id":"https:\/\/osmeusapontamentos.com\/#\/schema\/person\/d508df9c3ffc8b4e64a18dbf0ba18dd8"},"keywords":["podcast"],"articleSection":["Ler\/ Ver\/ Ouvir\/ Passear"],"inLanguage":"pt-PT","potentialAction":[{"@type":"CommentAction","name":"Comment","target":["https:\/\/osmeusapontamentos.com\/index.php\/2008\/12\/21\/como-eu-defino-os-podcasts\/#respond"]}]},{"@type":"WebPage","@id":"https:\/\/osmeusapontamentos.com\/index.php\/2008\/12\/21\/como-eu-defino-os-podcasts\/","url":"https:\/\/osmeusapontamentos.com\/index.php\/2008\/12\/21\/como-eu-defino-os-podcasts\/","name":"como eu defino os podcasts - Os Meus Apontamentos","isPartOf":{"@id":"https:\/\/osmeusapontamentos.com\/#website"},"datePublished":"2008-12-21T14:16:46+00:00","breadcrumb":{"@id":"https:\/\/osmeusapontamentos.com\/index.php\/2008\/12\/21\/como-eu-defino-os-podcasts\/#breadcrumb"},"inLanguage":"pt-PT","potentialAction":[{"@type":"ReadAction","target":["https:\/\/osmeusapontamentos.com\/index.php\/2008\/12\/21\/como-eu-defino-os-podcasts\/"]}]},{"@type":"BreadcrumbList","@id":"https:\/\/osmeusapontamentos.com\/index.php\/2008\/12\/21\/como-eu-defino-os-podcasts\/#breadcrumb","itemListElement":[{"@type":"ListItem","position":1,"name":"In\u00edcio","item":"https:\/\/osmeusapontamentos.com\/"},{"@type":"ListItem","position":2,"name":"como eu defino os podcasts"}]},{"@type":"WebSite","@id":"https:\/\/osmeusapontamentos.com\/#website","url":"https:\/\/osmeusapontamentos.com\/","name":"Os Meus Apontamentos","description":"","publisher":{"@id":"https:\/\/osmeusapontamentos.com\/#\/schema\/person\/d508df9c3ffc8b4e64a18dbf0ba18dd8"},"potentialAction":[{"@type":"SearchAction","target":{"@type":"EntryPoint","urlTemplate":"https:\/\/osmeusapontamentos.com\/?s={search_term_string}"},"query-input":{"@type":"PropertyValueSpecification","valueRequired":true,"valueName":"search_term_string"}}],"inLanguage":"pt-PT"},{"@type":["Person","Organization"],"@id":"https:\/\/osmeusapontamentos.com\/#\/schema\/person\/d508df9c3ffc8b4e64a18dbf0ba18dd8","name":"Vitor Silva","image":{"@type":"ImageObject","inLanguage":"pt-PT","@id":"https:\/\/secure.gravatar.com\/avatar\/f81f58ad909e8a213ab0a690f6ed65e5c0e0e2274bf35ac49ff31d7988d483ce?s=96&d=mm&r=g","url":"https:\/\/secure.gravatar.com\/avatar\/f81f58ad909e8a213ab0a690f6ed65e5c0e0e2274bf35ac49ff31d7988d483ce?s=96&d=mm&r=g","contentUrl":"https:\/\/secure.gravatar.com\/avatar\/f81f58ad909e8a213ab0a690f6ed65e5c0e0e2274bf35ac49ff31d7988d483ce?s=96&d=mm&r=g","caption":"Vitor Silva"},"logo":{"@id":"https:\/\/secure.gravatar.com\/avatar\/f81f58ad909e8a213ab0a690f6ed65e5c0e0e2274bf35ac49ff31d7988d483ce?s=96&d=mm&r=g"},"sameAs":["https:\/\/www.linkedin.com\/in\/vitormrsilva","https:\/\/x.com\/vitorsilva"]}]}},"_links":{"self":[{"href":"https:\/\/osmeusapontamentos.com\/index.php\/wp-json\/wp\/v2\/posts\/1010","targetHints":{"allow":["GET"]}}],"collection":[{"href":"https:\/\/osmeusapontamentos.com\/index.php\/wp-json\/wp\/v2\/posts"}],"about":[{"href":"https:\/\/osmeusapontamentos.com\/index.php\/wp-json\/wp\/v2\/types\/post"}],"author":[{"embeddable":true,"href":"https:\/\/osmeusapontamentos.com\/index.php\/wp-json\/wp\/v2\/users\/1"}],"replies":[{"embeddable":true,"href":"https:\/\/osmeusapontamentos.com\/index.php\/wp-json\/wp\/v2\/comments?post=1010"}],"version-history":[{"count":0,"href":"https:\/\/osmeusapontamentos.com\/index.php\/wp-json\/wp\/v2\/posts\/1010\/revisions"}],"wp:attachment":[{"href":"https:\/\/osmeusapontamentos.com\/index.php\/wp-json\/wp\/v2\/media?parent=1010"}],"wp:term":[{"taxonomy":"category","embeddable":true,"href":"https:\/\/osmeusapontamentos.com\/index.php\/wp-json\/wp\/v2\/categories?post=1010"},{"taxonomy":"post_tag","embeddable":true,"href":"https:\/\/osmeusapontamentos.com\/index.php\/wp-json\/wp\/v2\/tags?post=1010"}],"curies":[{"name":"wp","href":"https:\/\/api.w.org\/{rel}","templated":true}]}}